{"id":10630,"date":"2025-04-10T10:39:00","date_gmt":"2025-04-10T09:39:00","guid":{"rendered":"https:\/\/4sconsulting.fr\/?p=10630"},"modified":"2025-04-16T00:57:50","modified_gmt":"2025-04-15T23:57:50","slug":"pour-la-derniere-4s-consulting-etait-a-bezons-pour-former-les-referents-tech-du-sav-fnac-darty-2025","status":"publish","type":"post","link":"https:\/\/4sconsulting.fr\/en\/pour-la-derniere-4s-consulting-etait-a-bezons-pour-former-les-referents-tech-du-sav-fnac-darty-2025","title":{"rendered":"For the last one, 4S Consulting was in Bezons, to train the Tech Referents of the FNAC DARTY 2025 after-sales service."},"content":{"rendered":"<figure class=\"wp-block-image size-large is-style-rounded\"><img loading=\"lazy\" width=\"1024\" height=\"563\" src=\"https:\/\/4sconsulting.fr\/wp-content\/uploads\/2025\/04\/Post-2-1024x563.png\" alt=\"Pour la derni\u00e8re, 4S Consulting \u00e9tait \u00e0 Bezons, pour former les R\u00e9f\u00e9rents Tech du SAV FNAC DARTY 2025.\" class=\"wp-image-10631\" srcset=\"https:\/\/4sconsulting.fr\/wp-content\/uploads\/2025\/04\/Post-2-1024x563.png 1024w, https:\/\/4sconsulting.fr\/wp-content\/uploads\/2025\/04\/Post-2-300x165.png 300w, https:\/\/4sconsulting.fr\/wp-content\/uploads\/2025\/04\/Post-2-768x422.png 768w, https:\/\/4sconsulting.fr\/wp-content\/uploads\/2025\/04\/Post-2-1536x845.png 1536w, https:\/\/4sconsulting.fr\/wp-content\/uploads\/2025\/04\/Post-2-2048x1126.png 2048w, https:\/\/4sconsulting.fr\/wp-content\/uploads\/2025\/04\/Post-2-16x9.png 16w, https:\/\/4sconsulting.fr\/wp-content\/uploads\/2025\/04\/Post-2-1200x660.png 1200w, https:\/\/4sconsulting.fr\/wp-content\/uploads\/2025\/04\/Post-2-1980x1089.png 1980w\" sizes=\"(max-width: 1024px) 100vw, 1024px\" \/><\/figure>\n\n\n\n<h2>For the last one, 4S Consulting was in Bezons, to train the Tech Referents of the FNAC DARTY 2025 after-sales service.<\/h2>\n\n\n\n<p>Last but not least... with the last group of After-Sales Technical Referents from <a href=\"https:\/\/www.linkedin.com\/company\/fnac-darty\/\">Fnac Darty<\/a> formed (\u2018STEP 1\u2019) yesterday in Bezons by <a href=\"https:\/\/www.linkedin.com\/company\/4s-consulting-www-4sconsulting-fr-\/\">4S Consulting Team<\/a> and <a href=\"https:\/\/www.linkedin.com\/in\/ACoAAAyCH_cBGCMbiwnS_mfFMfWUBqEjQI8jAgQ\"><\/a><a href=\"https:\/\/www.linkedin.com\/in\/bernard-canicio-6733435a\/\">Bernard<\/a> !!!<br><br>Objective \ud83d\udc49 To develop their posture as Fnac Darty \u2018Tutor\u2019 Referents, their \u2018intergenerational\u2019 communication and feedback, and to strengthen their ability to increase their skills and assess young Technicians, in intervention.<br><br>BRAVO \ud83d\udc4f to the Referrers in this last group, it was a great training session together!!!! And also to the 88 Referrers trained throughout FRANCE by <a href=\"https:\/\/www.linkedin.com\/company\/4s-consulting-www-4sconsulting-fr-\/\">4S Consulting Team<\/a>, for their welcome, their attentiveness and above all their work in training \ud83d\udc4f\ud83d\udc4f<br><br>Last but not least, a BIG THANK YOU to the Group <a href=\"https:\/\/www.linkedin.com\/company\/fnac\/\">Fnac<\/a> <a href=\"https:\/\/www.linkedin.com\/company\/darty\/\">Darty<\/a> for their confidence \ud83d\ude4f, first and foremost to <a href=\"https:\/\/www.linkedin.com\/in\/ACoAAAAlDmsBs5XKNTufXC76r7joOHLMsgUgZt0\"><\/a><a href=\"https:\/\/www.linkedin.com\/in\/regiskoenig\/\">R\u00e9gis<\/a>, <a href=\"https:\/\/www.linkedin.com\/in\/ACoAAAHYjrMBvuOUNa97sAHY1pbrRvvSGc7EDHU\"><\/a><a href=\"https:\/\/www.linkedin.com\/in\/predrag-petricevic-217456a\/\">Predrag<\/a>, <a href=\"https:\/\/www.linkedin.com\/in\/ACoAAB7hSGwBmtVJABO9CwpWcKrkVgjqgVkBvwE\"><\/a><a href=\"https:\/\/www.linkedin.com\/in\/constant-meyer-210607125\/\">Constant<\/a>, <a href=\"https:\/\/www.linkedin.com\/in\/ACoAAAWHnVYBhJ-nHA7WBhPlUTKt9v8EYWc3M2A\"><\/a><a href=\"https:\/\/www.linkedin.com\/in\/damien-leboube-5b20a027\/\">Damien<\/a>, <a href=\"https:\/\/www.linkedin.com\/in\/ACoAAAvA22EB6hpw4bHXauOoLlLDA6G9inP0f-Q\"><\/a><a href=\"https:\/\/www.linkedin.com\/in\/marie-b%C3%A9n%C3%A9dicte-montaigne-82905556\/\">Marie-B\u00e9n\u00e9dicte<\/a>, and in particular to <a href=\"https:\/\/www.linkedin.com\/in\/ACoAACRK-0QB1QWF03K28Nt2-UxDQR6K7x17bqA\"><\/a><a href=\"https:\/\/www.linkedin.com\/in\/ali-mahdhi-0b0b0114b\/\">Ali<\/a>, and also for his help, investment and the quality of his interventions \ud83d\udc4d, not forgetting <a href=\"https:\/\/www.linkedin.com\/in\/ACoAABGJehgBPTEQDVsZsyKLJ_7KAQUz2R3I-yE\"><\/a><a href=\"https:\/\/www.linkedin.com\/in\/val%C3%A9rie-seznec-6a064b82\/\">Val\u00e9rie<\/a> (Help, listening, support and organisation at the top \ud83d\udc4c), <a href=\"https:\/\/www.linkedin.com\/in\/ACoAABVdxPEB4EjbJVn7cyMks2JdjucJ0zN5cHk\"><\/a><a href=\"https:\/\/www.linkedin.com\/in\/nathalie-latour-095072a0\/\">Nathalie<\/a> and <a href=\"https:\/\/www.linkedin.com\/in\/ACoAABie7WcBg-pH22psmcjhamh1OJIGD5VSmhg\"><\/a><a href=\"https:\/\/www.linkedin.com\/in\/fabrice-attelann-433404b6\/\">Fabrice<\/a> of the academy <a href=\"https:\/\/www.linkedin.com\/company\/fnac-darty\/\">Fnac Darty<\/a>... we are very proud to be a partner, to work with you and to train your after-sales teams \ud83e\udef6!!!!<br><br>\ud83d\udc49 Appointment for the 88 Referrers for the next stage (\u2018STEP 2\u2019), with their COACHING by our team <a href=\"https:\/\/www.linkedin.com\/company\/4s-consulting-www-4sconsulting-fr-\/\">4S Consulting Team<\/a>, in-home intervention (IAD), in their customers' homes.<br><br><a href=\"https:\/\/www.linkedin.com\/search\/results\/all\/?keywords=%23r%C3%A9f%C3%A9rent&amp;origin=HASH_TAG_FROM_FEED\">#r\u00e9f\u00e9rent<\/a><a href=\"https:\/\/www.linkedin.com\/search\/results\/all\/?keywords=%23technique&amp;origin=HASH_TAG_FROM_FEED\">#technique<\/a><a href=\"https:\/\/www.linkedin.com\/search\/results\/all\/?keywords=%23sav&amp;origin=HASH_TAG_FROM_FEED\">#sav<\/a><a href=\"https:\/\/www.linkedin.com\/search\/results\/all\/?keywords=%23tutorat&amp;origin=HASH_TAG_FROM_FEED\">#tutorat<\/a><a href=\"https:\/\/www.linkedin.com\/search\/results\/all\/?keywords=%23posture&amp;origin=HASH_TAG_FROM_FEED\">#posture<\/a><a href=\"https:\/\/www.linkedin.com\/search\/results\/all\/?keywords=%23attitude&amp;origin=HASH_TAG_FROM_FEED\">#attitude<\/a><a href=\"https:\/\/www.linkedin.com\/search\/results\/all\/?keywords=%23communication&amp;origin=HASH_TAG_FROM_FEED\">#communication<\/a><a href=\"https:\/\/www.linkedin.com\/search\/results\/all\/?keywords=%23interg%C3%A9n%C3%A9rationnel&amp;origin=HASH_TAG_FROM_FEED\">#interg\u00e9n\u00e9rationnel<\/a><a href=\"https:\/\/www.linkedin.com\/search\/results\/all\/?keywords=%23managercoach&amp;origin=HASH_TAG_FROM_FEED\">#managercoach<\/a><a href=\"https:\/\/www.linkedin.com\/search\/results\/all\/?keywords=%23confiance&amp;origin=HASH_TAG_FROM_FEED\">#confiance<\/a><a href=\"https:\/\/www.linkedin.com\/search\/results\/all\/?keywords=%23coaching&amp;origin=HASH_TAG_FROM_FEED\">#coaching<\/a><a href=\"https:\/\/www.linkedin.com\/search\/results\/all\/?keywords=%23training&amp;origin=HASH_TAG_FROM_FEED\">#training<\/a><a href=\"https:\/\/www.linkedin.com\/search\/results\/all\/?keywords=%23mindsetchange&amp;origin=HASH_TAG_FROM_FEED\">#mindsetchange<\/a><a href=\"https:\/\/www.linkedin.com\/search\/results\/all\/?keywords=%23softskills&amp;origin=HASH_TAG_FROM_FEED\">#softskills<\/a><a href=\"https:\/\/www.linkedin.com\/search\/results\/all\/?keywords=%23nevergiveup&amp;origin=HASH_TAG_FROM_FEED\">#nevergiveup<\/a><a href=\"https:\/\/www.linkedin.com\/search\/results\/all\/?keywords=%23partenaires&amp;origin=HASH_TAG_FROM_FEED\">#partenaires<\/a><a href=\"https:\/\/www.linkedin.com\/search\/results\/all\/?keywords=%23fierssss&amp;origin=HASH_TAG_FROM_FEED\">#fierSSSS<\/a>&#8230;<br>\ud83d\udc49 <a href=\"https:\/\/www.linkedin.com\/in\/ACoAACq1mAYB4oUS3uQaDGPoXPEihM17FQXB0XE\"><\/a><a href=\"https:\/\/www.linkedin.com\/in\/arnaud-lorailler-806b7617b\/\">Arnaud<\/a>, <a href=\"https:\/\/www.linkedin.com\/in\/ACoAACSRwhQB_NaZsHu2nO8nQu1Tg5QQKMe0dSw\"><\/a><a href=\"https:\/\/www.linkedin.com\/in\/christophe-delepine-418579151\/\">Christophe<\/a>, <a href=\"https:\/\/www.linkedin.com\/in\/ACoAACAFVrcBEplURPLasYrV3WkXnP7ej7RQQjc\"><\/a><a href=\"https:\/\/www.linkedin.com\/in\/jean-claude-marques-7b3ab712b\/\">Jean-claude<\/a>, <a href=\"https:\/\/www.linkedin.com\/in\/ACoAABmZ8fkBOvGo9OUntAdkrfxm8hfpes0cum8\"><\/a><a href=\"https:\/\/www.linkedin.com\/in\/perrine-marret\/\">Perrine<\/a>, <a href=\"https:\/\/www.linkedin.com\/in\/ACoAABX4qVEBNFHeBLQ01pFbJcIkTbgoDuOxqn8\"><\/a><a href=\"https:\/\/www.linkedin.com\/in\/sandrine-lafon-5a9548a3\/\">Sandrine<\/a> and Veronique\u2026 \ud83d\ude4f<\/p>\n\n\n\n<h2>... ThankSSSS and see you soon \ud83d\ude09<\/h2>\n\n\n\n<h2>#mindset #culturechange #coaching #formation #training #learning #softskills #nevergiveup<\/h2>\n\n\n\n<div class=\"wp-container-1 wp-block-buttons\">\n<div class=\"wp-block-button\"><a class=\"wp-block-button__link\" href=\"https:\/\/www.linkedin.com\/company\/4s-consulting-www-4sconsulting-fr-\/?viewAsMember=true\" style=\"border-radius:100px\">LEARN MORE<\/a><\/div>\n<\/div>","protected":false},"excerpt":{"rendered":"<p>Pour la derni\u00e8re, 4S Consulting \u00e9tait \u00e0 Bezons, pour former les R\u00e9f\u00e9rents Tech du SAV FNAC DARTY 2025. Last but not least&#8230; avec le dernier groupe de R\u00e9f\u00e9rents Techniques SAV de Fnac Darty form\u00e9 (\u00ab\u00a0\u00c9TAPE 1\u00a0\u00bb) hier \u00e0 Bezons par 4S Consulting et Bernard !!! Objectif \ud83d\udc49 D\u00e9velopper leur posture des R\u00e9f\u00e9rents \u00ab\u00a0Tuteurs\u00a0\u00bb Fnac Darty, [&hellip;]<\/p>","protected":false},"author":4,"featured_media":0,"comment_status":"closed","ping_status":"closed","sticky":false,"template":"","format":"standard","meta":[],"categories":[17],"tags":[],"yoast_head":"<!-- This site is optimized with the Yoast SEO plugin v19.11 - https:\/\/yoast.com\/wordpress\/plugins\/seo\/ -->\n<title>Pour la derni\u00e8re, 4S Consulting \u00e9tait \u00e0 Bezons, pour former les R\u00e9f\u00e9rents Tech du SAV FNAC DARTY 2025.<\/title>\n<meta name=\"description\" content=\"Pour la derni\u00e8re, 4S Consulting \u00e9tait \u00e0 Bezons, pour former les R\u00e9f\u00e9rents Tech du SAV FNAC DARTY 2025.\" \/>\n<meta name=\"robots\" content=\"index, follow, max-snippet:-1, max-image-preview:large, max-video-preview:-1\" \/>\n<link rel=\"canonical\" href=\"https:\/\/4sconsulting.fr\/en\/pour-la-derniere-4s-consulting-etait-a-bezons-pour-former-les-referents-tech-du-sav-fnac-darty-2025\/\" \/>\n<meta property=\"og:locale\" content=\"en_US\" \/>\n<meta property=\"og:type\" content=\"article\" \/>\n<meta property=\"og:title\" content=\"Pour la derni\u00e8re, 4S Consulting \u00e9tait \u00e0 Bezons, pour former les R\u00e9f\u00e9rents Tech du SAV FNAC DARTY 2025.\" \/>\n<meta property=\"og:description\" content=\"Pour la derni\u00e8re, 4S Consulting \u00e9tait \u00e0 Bezons, pour former les R\u00e9f\u00e9rents Tech du SAV FNAC DARTY 2025.\" \/>\n<meta property=\"og:url\" content=\"https:\/\/4sconsulting.fr\/en\/pour-la-derniere-4s-consulting-etait-a-bezons-pour-former-les-referents-tech-du-sav-fnac-darty-2025\/\" \/>\n<meta property=\"og:site_name\" content=\"4S Consulting\" \/>\n<meta property=\"article:published_time\" content=\"2025-04-10T09:39:00+00:00\" \/>\n<meta property=\"article:modified_time\" content=\"2025-04-15T23:57:50+00:00\" \/>\n<meta property=\"og:image\" content=\"https:\/\/4sconsulting.fr\/wp-content\/uploads\/2025\/04\/Post-2-1024x563.png\" \/>\n<meta name=\"author\" content=\"Julien Galvez\" \/>\n<meta name=\"twitter:card\" content=\"summary_large_image\" \/>\n<meta name=\"twitter:label1\" content=\"Written by\" \/>\n\t<meta name=\"twitter:data1\" content=\"Julien Galvez\" \/>\n\t<meta name=\"twitter:label2\" content=\"Est. reading time\" \/>\n\t<meta name=\"twitter:data2\" content=\"2 minutes\" \/>\n<script type=\"application\/ld+json\" class=\"yoast-schema-graph\">{\"@context\":\"https:\/\/schema.org\",\"@graph\":[{\"@type\":\"Article\",\"@id\":\"https:\/\/4sconsulting.fr\/pour-la-derniere-4s-consulting-etait-a-bezons-pour-former-les-referents-tech-du-sav-fnac-darty-2025#article\",\"isPartOf\":{\"@id\":\"https:\/\/4sconsulting.fr\/pour-la-derniere-4s-consulting-etait-a-bezons-pour-former-les-referents-tech-du-sav-fnac-darty-2025\"},\"author\":{\"name\":\"Julien Galvez\",\"@id\":\"https:\/\/4sconsulting.fr\/fr\/#\/schema\/person\/80027979e30f0c050e03cedc0d454d32\"},\"headline\":\"Pour la derni\u00e8re, 4S Consulting \u00e9tait \u00e0 Bezons, pour former les R\u00e9f\u00e9rents Tech du SAV FNAC DARTY 2025.\ufffc\",\"datePublished\":\"2025-04-10T09:39:00+00:00\",\"dateModified\":\"2025-04-15T23:57:50+00:00\",\"mainEntityOfPage\":{\"@id\":\"https:\/\/4sconsulting.fr\/pour-la-derniere-4s-consulting-etait-a-bezons-pour-former-les-referents-tech-du-sav-fnac-darty-2025\"},\"wordCount\":282,\"publisher\":{\"@id\":\"https:\/\/4sconsulting.fr\/fr\/#organization\"},\"articleSection\":[\"Non class\u00e9\"],\"inLanguage\":\"en-US\"},{\"@type\":\"WebPage\",\"@id\":\"https:\/\/4sconsulting.fr\/pour-la-derniere-4s-consulting-etait-a-bezons-pour-former-les-referents-tech-du-sav-fnac-darty-2025\",\"url\":\"https:\/\/4sconsulting.fr\/pour-la-derniere-4s-consulting-etait-a-bezons-pour-former-les-referents-tech-du-sav-fnac-darty-2025\",\"name\":\"Pour la derni\u00e8re, 4S Consulting \u00e9tait \u00e0 Bezons, pour former les R\u00e9f\u00e9rents Tech du SAV FNAC DARTY 2025.\",\"isPartOf\":{\"@id\":\"https:\/\/4sconsulting.fr\/fr\/#website\"},\"datePublished\":\"2025-04-10T09:39:00+00:00\",\"dateModified\":\"2025-04-15T23:57:50+00:00\",\"description\":\"Pour la derni\u00e8re, 4S Consulting \u00e9tait \u00e0 Bezons, pour former les R\u00e9f\u00e9rents Tech du SAV FNAC DARTY 2025.\",\"breadcrumb\":{\"@id\":\"https:\/\/4sconsulting.fr\/pour-la-derniere-4s-consulting-etait-a-bezons-pour-former-les-referents-tech-du-sav-fnac-darty-2025#breadcrumb\"},\"inLanguage\":\"en-US\",\"potentialAction\":[{\"@type\":\"ReadAction\",\"target\":[\"https:\/\/4sconsulting.fr\/pour-la-derniere-4s-consulting-etait-a-bezons-pour-former-les-referents-tech-du-sav-fnac-darty-2025\"]}]},{\"@type\":\"BreadcrumbList\",\"@id\":\"https:\/\/4sconsulting.fr\/pour-la-derniere-4s-consulting-etait-a-bezons-pour-former-les-referents-tech-du-sav-fnac-darty-2025#breadcrumb\",\"itemListElement\":[{\"@type\":\"ListItem\",\"position\":1,\"name\":\"Accueil\",\"item\":\"https:\/\/4sconsulting.fr\/\"},{\"@type\":\"ListItem\",\"position\":2,\"name\":\"Pour la derni\u00e8re, 4S Consulting \u00e9tait \u00e0 Bezons, pour former les R\u00e9f\u00e9rents Tech du SAV FNAC DARTY 2025.\ufffc\"}]},{\"@type\":\"WebSite\",\"@id\":\"https:\/\/4sconsulting.fr\/fr\/#website\",\"url\":\"https:\/\/4sconsulting.fr\/fr\/\",\"name\":\"4S Consulting\",\"description\":\"Mindset &amp; Culture Change Coaching\",\"publisher\":{\"@id\":\"https:\/\/4sconsulting.fr\/fr\/#organization\"},\"potentialAction\":[{\"@type\":\"SearchAction\",\"target\":{\"@type\":\"EntryPoint\",\"urlTemplate\":\"https:\/\/4sconsulting.fr\/fr\/?s={search_term_string}\"},\"query-input\":\"required name=search_term_string\"}],\"inLanguage\":\"en-US\"},{\"@type\":\"Organization\",\"@id\":\"https:\/\/4sconsulting.fr\/fr\/#organization\",\"name\":\"4S Consulting\",\"url\":\"https:\/\/4sconsulting.fr\/fr\/\",\"logo\":{\"@type\":\"ImageObject\",\"inLanguage\":\"en-US\",\"@id\":\"https:\/\/4sconsulting.fr\/fr\/#\/schema\/logo\/image\/\",\"url\":\"https:\/\/4sconsulting.fr\/wp-content\/uploads\/2020\/11\/4s-orange-voile.png\",\"contentUrl\":\"https:\/\/4sconsulting.fr\/wp-content\/uploads\/2020\/11\/4s-orange-voile.png\",\"width\":642,\"height\":869,\"caption\":\"4S Consulting\"},\"image\":{\"@id\":\"https:\/\/4sconsulting.fr\/fr\/#\/schema\/logo\/image\/\"},\"sameAs\":[\"https:\/\/www.linkedin.com\/company\/4s-consulting-www-4sconsulting-fr-\/\"]},{\"@type\":\"Person\",\"@id\":\"https:\/\/4sconsulting.fr\/fr\/#\/schema\/person\/80027979e30f0c050e03cedc0d454d32\",\"name\":\"Julien Galvez\"}]}<\/script>\n<!-- \/ Yoast SEO plugin. -->","yoast_head_json":{"title":"Pour la derni\u00e8re, 4S Consulting \u00e9tait \u00e0 Bezons, pour former les R\u00e9f\u00e9rents Tech du SAV FNAC DARTY 2025.","description":"Pour la derni\u00e8re, 4S Consulting \u00e9tait \u00e0 Bezons, pour former les R\u00e9f\u00e9rents Tech du SAV FNAC DARTY 2025.","robots":{"index":"index","follow":"follow","max-snippet":"max-snippet:-1","max-image-preview":"max-image-preview:large","max-video-preview":"max-video-preview:-1"},"canonical":"https:\/\/4sconsulting.fr\/en\/pour-la-derniere-4s-consulting-etait-a-bezons-pour-former-les-referents-tech-du-sav-fnac-darty-2025\/","og_locale":"en_US","og_type":"article","og_title":"Pour la derni\u00e8re, 4S Consulting \u00e9tait \u00e0 Bezons, pour former les R\u00e9f\u00e9rents Tech du SAV FNAC DARTY 2025.","og_description":"Pour la derni\u00e8re, 4S Consulting \u00e9tait \u00e0 Bezons, pour former les R\u00e9f\u00e9rents Tech du SAV FNAC DARTY 2025.","og_url":"https:\/\/4sconsulting.fr\/en\/pour-la-derniere-4s-consulting-etait-a-bezons-pour-former-les-referents-tech-du-sav-fnac-darty-2025\/","og_site_name":"4S Consulting","article_published_time":"2025-04-10T09:39:00+00:00","article_modified_time":"2025-04-15T23:57:50+00:00","og_image":[{"url":"https:\/\/4sconsulting.fr\/wp-content\/uploads\/2025\/04\/Post-2-1024x563.png"}],"author":"Julien Galvez","twitter_card":"summary_large_image","twitter_misc":{"Written by":"Julien Galvez","Est. reading time":"2 minutes"},"schema":{"@context":"https:\/\/schema.org","@graph":[{"@type":"Article","@id":"https:\/\/4sconsulting.fr\/pour-la-derniere-4s-consulting-etait-a-bezons-pour-former-les-referents-tech-du-sav-fnac-darty-2025#article","isPartOf":{"@id":"https:\/\/4sconsulting.fr\/pour-la-derniere-4s-consulting-etait-a-bezons-pour-former-les-referents-tech-du-sav-fnac-darty-2025"},"author":{"name":"Julien Galvez","@id":"https:\/\/4sconsulting.fr\/fr\/#\/schema\/person\/80027979e30f0c050e03cedc0d454d32"},"headline":"Pour la derni\u00e8re, 4S Consulting \u00e9tait \u00e0 Bezons, pour former les R\u00e9f\u00e9rents Tech du SAV FNAC DARTY 2025.\ufffc","datePublished":"2025-04-10T09:39:00+00:00","dateModified":"2025-04-15T23:57:50+00:00","mainEntityOfPage":{"@id":"https:\/\/4sconsulting.fr\/pour-la-derniere-4s-consulting-etait-a-bezons-pour-former-les-referents-tech-du-sav-fnac-darty-2025"},"wordCount":282,"publisher":{"@id":"https:\/\/4sconsulting.fr\/fr\/#organization"},"articleSection":["Non class\u00e9"],"inLanguage":"en-US"},{"@type":"WebPage","@id":"https:\/\/4sconsulting.fr\/pour-la-derniere-4s-consulting-etait-a-bezons-pour-former-les-referents-tech-du-sav-fnac-darty-2025","url":"https:\/\/4sconsulting.fr\/pour-la-derniere-4s-consulting-etait-a-bezons-pour-former-les-referents-tech-du-sav-fnac-darty-2025","name":"Pour la derni\u00e8re, 4S Consulting \u00e9tait \u00e0 Bezons, pour former les R\u00e9f\u00e9rents Tech du SAV FNAC DARTY 2025.","isPartOf":{"@id":"https:\/\/4sconsulting.fr\/fr\/#website"},"datePublished":"2025-04-10T09:39:00+00:00","dateModified":"2025-04-15T23:57:50+00:00","description":"Pour la derni\u00e8re, 4S Consulting \u00e9tait \u00e0 Bezons, pour former les R\u00e9f\u00e9rents Tech du SAV FNAC DARTY 2025.","breadcrumb":{"@id":"https:\/\/4sconsulting.fr\/pour-la-derniere-4s-consulting-etait-a-bezons-pour-former-les-referents-tech-du-sav-fnac-darty-2025#breadcrumb"},"inLanguage":"en-US","potentialAction":[{"@type":"ReadAction","target":["https:\/\/4sconsulting.fr\/pour-la-derniere-4s-consulting-etait-a-bezons-pour-former-les-referents-tech-du-sav-fnac-darty-2025"]}]},{"@type":"BreadcrumbList","@id":"https:\/\/4sconsulting.fr\/pour-la-derniere-4s-consulting-etait-a-bezons-pour-former-les-referents-tech-du-sav-fnac-darty-2025#breadcrumb","itemListElement":[{"@type":"ListItem","position":1,"name":"Accueil","item":"https:\/\/4sconsulting.fr\/"},{"@type":"ListItem","position":2,"name":"Pour la derni\u00e8re, 4S Consulting \u00e9tait \u00e0 Bezons, pour former les R\u00e9f\u00e9rents Tech du SAV FNAC DARTY 2025.\ufffc"}]},{"@type":"WebSite","@id":"https:\/\/4sconsulting.fr\/fr\/#website","url":"https:\/\/4sconsulting.fr\/fr\/","name":"4S Consulting","description":"Mindset &amp; Culture Change Coaching","publisher":{"@id":"https:\/\/4sconsulting.fr\/fr\/#organization"},"potentialAction":[{"@type":"SearchAction","target":{"@type":"EntryPoint","urlTemplate":"https:\/\/4sconsulting.fr\/fr\/?s={search_term_string}"},"query-input":"required name=search_term_string"}],"inLanguage":"en-US"},{"@type":"Organization","@id":"https:\/\/4sconsulting.fr\/fr\/#organization","name":"4S Consulting","url":"https:\/\/4sconsulting.fr\/fr\/","logo":{"@type":"ImageObject","inLanguage":"en-US","@id":"https:\/\/4sconsulting.fr\/fr\/#\/schema\/logo\/image\/","url":"https:\/\/4sconsulting.fr\/wp-content\/uploads\/2020\/11\/4s-orange-voile.png","contentUrl":"https:\/\/4sconsulting.fr\/wp-content\/uploads\/2020\/11\/4s-orange-voile.png","width":642,"height":869,"caption":"4S Consulting"},"image":{"@id":"https:\/\/4sconsulting.fr\/fr\/#\/schema\/logo\/image\/"},"sameAs":["https:\/\/www.linkedin.com\/company\/4s-consulting-www-4sconsulting-fr-\/"]},{"@type":"Person","@id":"https:\/\/4sconsulting.fr\/fr\/#\/schema\/person\/80027979e30f0c050e03cedc0d454d32","name":"Julien Galvez"}]}},"_links":{"self":[{"href":"https:\/\/4sconsulting.fr\/en\/wp-json\/wp\/v2\/posts\/10630"}],"collection":[{"href":"https:\/\/4sconsulting.fr\/en\/wp-json\/wp\/v2\/posts"}],"about":[{"href":"https:\/\/4sconsulting.fr\/en\/wp-json\/wp\/v2\/types\/post"}],"author":[{"embeddable":true,"href":"https:\/\/4sconsulting.fr\/en\/wp-json\/wp\/v2\/users\/4"}],"replies":[{"embeddable":true,"href":"https:\/\/4sconsulting.fr\/en\/wp-json\/wp\/v2\/comments?post=10630"}],"version-history":[{"count":2,"href":"https:\/\/4sconsulting.fr\/en\/wp-json\/wp\/v2\/posts\/10630\/revisions"}],"predecessor-version":[{"id":10635,"href":"https:\/\/4sconsulting.fr\/en\/wp-json\/wp\/v2\/posts\/10630\/revisions\/10635"}],"wp:attachment":[{"href":"https:\/\/4sconsulting.fr\/en\/wp-json\/wp\/v2\/media?parent=10630"}],"wp:term":[{"taxonomy":"category","embeddable":true,"href":"https:\/\/4sconsulting.fr\/en\/wp-json\/wp\/v2\/categories?post=10630"},{"taxonomy":"post_tag","embeddable":true,"href":"https:\/\/4sconsulting.fr\/en\/wp-json\/wp\/v2\/tags?post=10630"}],"curies":[{"name":"wp","href":"https:\/\/api.w.org\/{rel}","templated":true}]}}