{"id":10747,"date":"2025-08-07T10:36:00","date_gmt":"2025-08-07T09:36:00","guid":{"rendered":"https:\/\/4sconsulting.fr\/?p=10747"},"modified":"2025-08-13T11:42:04","modified_gmt":"2025-08-13T10:42:04","slug":"officiel-4s-consulting-a-ete-choisi-par-comgest-pour-realiser-sa-conference-annuelle-sur-le-theme-de-la-communication-inter-culturelle-100-pers","status":"publish","type":"post","link":"https:\/\/4sconsulting.fr\/en\/officiel-4s-consulting-a-ete-choisi-par-comgest-pour-realiser-sa-conference-annuelle-sur-le-theme-de-la-communication-inter-culturelle-100-pers","title":{"rendered":"OFFICIAL: 4S Consulting has been chosen by COMGEST to organise its annual conference on the theme of intercultural communication (100 people)."},"content":{"rendered":"<figure class=\"wp-block-image size-large is-style-rounded\"><img loading=\"lazy\" width=\"1024\" height=\"691\" src=\"https:\/\/4sconsulting.fr\/wp-content\/uploads\/2025\/08\/Post-COMGEST-1024x691.png\" alt=\"OFFICIEL : 4S Consulting a \u00e9t\u00e9 choisi par COMGEST pour r\u00e9aliser sa conf\u00e9rence annuelle, sur le th\u00e8me de la communication inter-culturelle (100 pers.).\" class=\"wp-image-10748\" srcset=\"https:\/\/4sconsulting.fr\/wp-content\/uploads\/2025\/08\/Post-COMGEST-1024x691.png 1024w, https:\/\/4sconsulting.fr\/wp-content\/uploads\/2025\/08\/Post-COMGEST-300x202.png 300w, https:\/\/4sconsulting.fr\/wp-content\/uploads\/2025\/08\/Post-COMGEST-768x518.png 768w, https:\/\/4sconsulting.fr\/wp-content\/uploads\/2025\/08\/Post-COMGEST-16x12.png 16w, https:\/\/4sconsulting.fr\/wp-content\/uploads\/2025\/08\/Post-COMGEST-1200x809.png 1200w, https:\/\/4sconsulting.fr\/wp-content\/uploads\/2025\/08\/Post-COMGEST.png 1524w\" sizes=\"(max-width: 1024px) 100vw, 1024px\" \/><\/figure>\n\n\n\n<h2>OFFICIAL: 4S Consulting has been chosen by COMGEST to organise its annual conference on the theme of intercultural communication (100 people).<\/h2>\n\n\n\n<p>\u2705 <a href=\"https:\/\/www.linkedin.com\/company\/4s-consulting-www-4sconsulting-fr-\/\">4S Consulting Team<\/a> was chosen by <a href=\"https:\/\/www.linkedin.com\/company\/comgest\/\">COMGEST<\/a> to hold a conference, in English and in person, for 100 people, during its October seminar!<br><br>\ud83c\udfaf Theme: communication (intercultural, etc.) and the \"four-sides model\" \u2013 promoting collective performance and team cohesion on a global scale.<br><br>\ud83d\ude4f Many thanks to <a href=\"https:\/\/www.linkedin.com\/company\/comgest\/\">COMGEST<\/a>, and in particular to <a href=\"https:\/\/www.linkedin.com\/in\/elodie-alventosa\/\">Elodie<\/a>, for your trust. We are proud to be your new partner!<br><br>\ud83d\udcc6 See you soon, Team <a href=\"https:\/\/www.linkedin.com\/company\/comgest\/\">COMGEST<\/a> in September and October. We can't wait!<br><br><a href=\"https:\/\/www.linkedin.com\/search\/results\/all\/?keywords=%23communication&amp;origin=HASH_TAG_FROM_FEED\">#communication<\/a><a href=\"https:\/\/www.linkedin.com\/search\/results\/all\/?keywords=%23conf%C3%A9rence&amp;origin=HASH_TAG_FROM_FEED\">#conf\u00e9rence<\/a><a href=\"https:\/\/www.linkedin.com\/search\/results\/all\/?keywords=%23international&amp;origin=HASH_TAG_FROM_FEED\">#international<\/a><a href=\"https:\/\/www.linkedin.com\/search\/results\/all\/?keywords=%23teamspirit&amp;origin=HASH_TAG_FROM_FEED\">#teamspirit<\/a><a href=\"https:\/\/www.linkedin.com\/search\/results\/all\/?keywords=%23softskills&amp;origin=HASH_TAG_FROM_FEED\">#softskills<\/a><a href=\"https:\/\/www.linkedin.com\/search\/results\/all\/?keywords=%23leadership&amp;origin=HASH_TAG_FROM_FEED\">#leadership<\/a><a href=\"https:\/\/www.linkedin.com\/search\/results\/all\/?keywords=%23s%C3%A9minaire&amp;origin=HASH_TAG_FROM_FEED\">#s\u00e9minaire<\/a><a href=\"https:\/\/www.linkedin.com\/search\/results\/all\/?keywords=%23learning&amp;origin=HASH_TAG_FROM_FEED\">#learning<\/a><a href=\"https:\/\/www.linkedin.com\/search\/results\/all\/?keywords=%23coaching&amp;origin=HASH_TAG_FROM_FEED\">#coaching<\/a><a href=\"https:\/\/www.linkedin.com\/search\/results\/all\/?keywords=%23workshop&amp;origin=HASH_TAG_FROM_FEED\">#workshop<\/a><a href=\"https:\/\/www.linkedin.com\/search\/results\/all\/?keywords=%23speaker&amp;origin=HASH_TAG_FROM_FEED\">#speaker<\/a><a href=\"https:\/\/www.linkedin.com\/search\/results\/all\/?keywords=%23keynote&amp;origin=HASH_TAG_FROM_FEED\">#keynote<\/a><a href=\"https:\/\/www.linkedin.com\/search\/results\/all\/?keywords=%23sensibilisation&amp;origin=HASH_TAG_FROM_FEED\">#sensibilisation<\/a><a href=\"https:\/\/www.linkedin.com\/search\/results\/all\/?keywords=%23softskills&amp;origin=HASH_TAG_FROM_FEED\">#softskills<\/a><a href=\"https:\/\/www.linkedin.com\/search\/results\/all\/?keywords=%234sconsulting&amp;origin=HASH_TAG_FROM_FEED\">#4Sconsulting<\/a><\/p>\n\n\n\n<h2>... ThankSSSS and see you soon \ud83d\ude09<\/h2>\n\n\n\n<h2>#mindset #culturechange #coaching #formation #training #learning #softskills #nevergiveup<\/h2>\n\n\n\n<div class=\"wp-container-1 wp-block-buttons\">\n<div class=\"wp-block-button\"><a class=\"wp-block-button__link\" href=\"https:\/\/www.linkedin.com\/company\/4s-consulting-www-4sconsulting-fr-\/?viewAsMember=true\" style=\"border-radius:100px\">LEARN MORE<\/a><\/div>\n<\/div>","protected":false},"excerpt":{"rendered":"<p>OFFICIEL : 4S Consulting a \u00e9t\u00e9 choisi par COMGEST pour r\u00e9aliser sa conf\u00e9rence annuelle, sur le th\u00e8me de la communication inter-culturelle (100 pers.). \u2705 4S Consulting a \u00e9t\u00e9 choisi par COMGEST pour r\u00e9aliser une conf\u00e9rence, en anglais et en pr\u00e9sentiel, pour 100 personnes, lors de son s\u00e9minaire d\u2019octobre ! \ud83c\udfaf Th\u00e8me : la communication (interculturelle&#8230;) [&hellip;]<\/p>","protected":false},"author":4,"featured_media":0,"comment_status":"closed","ping_status":"closed","sticky":false,"template":"","format":"standard","meta":[],"categories":[17],"tags":[],"yoast_head":"<!-- This site is optimized with the Yoast SEO plugin v19.11 - https:\/\/yoast.com\/wordpress\/plugins\/seo\/ -->\n<title>OFFICIEL : 4S Consulting a \u00e9t\u00e9 choisi par COMGEST pour r\u00e9aliser sa conf\u00e9rence annuelle, sur le th\u00e8me de la communication inter-culturelle (100 pers.).<\/title>\n<meta name=\"description\" content=\"OFFICIEL : 4S Consulting a \u00e9t\u00e9 choisi par COMGEST pour r\u00e9aliser sa conf\u00e9rence annuelle, sur le th\u00e8me de la communication inter-culturelle (100 pers.).\" \/>\n<meta name=\"robots\" content=\"index, follow, max-snippet:-1, max-image-preview:large, max-video-preview:-1\" \/>\n<link rel=\"canonical\" href=\"https:\/\/4sconsulting.fr\/en\/officiel-4s-consulting-a-ete-choisi-par-comgest-pour-realiser-sa-conference-annuelle-sur-le-theme-de-la-communication-inter-culturelle-100-pers\/\" \/>\n<meta property=\"og:locale\" content=\"en_US\" \/>\n<meta property=\"og:type\" content=\"article\" \/>\n<meta property=\"og:title\" content=\"OFFICIEL : 4S Consulting a \u00e9t\u00e9 choisi par COMGEST pour r\u00e9aliser sa conf\u00e9rence annuelle, sur le th\u00e8me de la communication inter-culturelle (100 pers.).\" \/>\n<meta property=\"og:description\" content=\"OFFICIEL : 4S Consulting a \u00e9t\u00e9 choisi par COMGEST pour r\u00e9aliser sa conf\u00e9rence annuelle, sur le th\u00e8me de la communication inter-culturelle (100 pers.).\" \/>\n<meta property=\"og:url\" content=\"https:\/\/4sconsulting.fr\/en\/officiel-4s-consulting-a-ete-choisi-par-comgest-pour-realiser-sa-conference-annuelle-sur-le-theme-de-la-communication-inter-culturelle-100-pers\/\" \/>\n<meta property=\"og:site_name\" content=\"4S Consulting\" \/>\n<meta property=\"article:published_time\" content=\"2025-08-07T09:36:00+00:00\" \/>\n<meta property=\"article:modified_time\" content=\"2025-08-13T10:42:04+00:00\" \/>\n<meta property=\"og:image\" content=\"https:\/\/4sconsulting.fr\/wp-content\/uploads\/2025\/08\/Post-COMGEST-1024x691.png\" \/>\n<meta name=\"author\" content=\"Julien Galvez\" \/>\n<meta name=\"twitter:card\" content=\"summary_large_image\" \/>\n<meta name=\"twitter:label1\" content=\"Written by\" \/>\n\t<meta name=\"twitter:data1\" content=\"Julien Galvez\" \/>\n\t<meta name=\"twitter:label2\" content=\"Est. reading time\" \/>\n\t<meta name=\"twitter:data2\" content=\"1 minute\" \/>\n<script type=\"application\/ld+json\" class=\"yoast-schema-graph\">{\"@context\":\"https:\/\/schema.org\",\"@graph\":[{\"@type\":\"Article\",\"@id\":\"https:\/\/4sconsulting.fr\/officiel-4s-consulting-a-ete-choisi-par-comgest-pour-realiser-sa-conference-annuelle-sur-le-theme-de-la-communication-inter-culturelle-100-pers#article\",\"isPartOf\":{\"@id\":\"https:\/\/4sconsulting.fr\/officiel-4s-consulting-a-ete-choisi-par-comgest-pour-realiser-sa-conference-annuelle-sur-le-theme-de-la-communication-inter-culturelle-100-pers\"},\"author\":{\"name\":\"Julien Galvez\",\"@id\":\"https:\/\/4sconsulting.fr\/fr\/#\/schema\/person\/80027979e30f0c050e03cedc0d454d32\"},\"headline\":\"OFFICIEL : 4S Consulting a \u00e9t\u00e9 choisi par COMGEST pour r\u00e9aliser sa conf\u00e9rence annuelle, sur le th\u00e8me de la communication inter-culturelle (100 pers.).\",\"datePublished\":\"2025-08-07T09:36:00+00:00\",\"dateModified\":\"2025-08-13T10:42:04+00:00\",\"mainEntityOfPage\":{\"@id\":\"https:\/\/4sconsulting.fr\/officiel-4s-consulting-a-ete-choisi-par-comgest-pour-realiser-sa-conference-annuelle-sur-le-theme-de-la-communication-inter-culturelle-100-pers\"},\"wordCount\":167,\"publisher\":{\"@id\":\"https:\/\/4sconsulting.fr\/fr\/#organization\"},\"articleSection\":[\"Non class\u00e9\"],\"inLanguage\":\"en-US\"},{\"@type\":\"WebPage\",\"@id\":\"https:\/\/4sconsulting.fr\/officiel-4s-consulting-a-ete-choisi-par-comgest-pour-realiser-sa-conference-annuelle-sur-le-theme-de-la-communication-inter-culturelle-100-pers\",\"url\":\"https:\/\/4sconsulting.fr\/officiel-4s-consulting-a-ete-choisi-par-comgest-pour-realiser-sa-conference-annuelle-sur-le-theme-de-la-communication-inter-culturelle-100-pers\",\"name\":\"OFFICIEL : 4S Consulting a \u00e9t\u00e9 choisi par COMGEST pour r\u00e9aliser sa conf\u00e9rence annuelle, sur le th\u00e8me de la communication inter-culturelle (100 pers.).\",\"isPartOf\":{\"@id\":\"https:\/\/4sconsulting.fr\/fr\/#website\"},\"datePublished\":\"2025-08-07T09:36:00+00:00\",\"dateModified\":\"2025-08-13T10:42:04+00:00\",\"description\":\"OFFICIEL : 4S Consulting a \u00e9t\u00e9 choisi par COMGEST pour r\u00e9aliser sa conf\u00e9rence annuelle, sur le th\u00e8me de la communication inter-culturelle (100 pers.).\",\"breadcrumb\":{\"@id\":\"https:\/\/4sconsulting.fr\/officiel-4s-consulting-a-ete-choisi-par-comgest-pour-realiser-sa-conference-annuelle-sur-le-theme-de-la-communication-inter-culturelle-100-pers#breadcrumb\"},\"inLanguage\":\"en-US\",\"potentialAction\":[{\"@type\":\"ReadAction\",\"target\":[\"https:\/\/4sconsulting.fr\/officiel-4s-consulting-a-ete-choisi-par-comgest-pour-realiser-sa-conference-annuelle-sur-le-theme-de-la-communication-inter-culturelle-100-pers\"]}]},{\"@type\":\"BreadcrumbList\",\"@id\":\"https:\/\/4sconsulting.fr\/officiel-4s-consulting-a-ete-choisi-par-comgest-pour-realiser-sa-conference-annuelle-sur-le-theme-de-la-communication-inter-culturelle-100-pers#breadcrumb\",\"itemListElement\":[{\"@type\":\"ListItem\",\"position\":1,\"name\":\"Accueil\",\"item\":\"https:\/\/4sconsulting.fr\/\"},{\"@type\":\"ListItem\",\"position\":2,\"name\":\"OFFICIEL : 4S Consulting a \u00e9t\u00e9 choisi par COMGEST pour r\u00e9aliser sa conf\u00e9rence annuelle, sur le th\u00e8me de la communication inter-culturelle (100 pers.).\"}]},{\"@type\":\"WebSite\",\"@id\":\"https:\/\/4sconsulting.fr\/fr\/#website\",\"url\":\"https:\/\/4sconsulting.fr\/fr\/\",\"name\":\"4S Consulting\",\"description\":\"Mindset &amp; Culture Change Coaching\",\"publisher\":{\"@id\":\"https:\/\/4sconsulting.fr\/fr\/#organization\"},\"potentialAction\":[{\"@type\":\"SearchAction\",\"target\":{\"@type\":\"EntryPoint\",\"urlTemplate\":\"https:\/\/4sconsulting.fr\/fr\/?s={search_term_string}\"},\"query-input\":\"required name=search_term_string\"}],\"inLanguage\":\"en-US\"},{\"@type\":\"Organization\",\"@id\":\"https:\/\/4sconsulting.fr\/fr\/#organization\",\"name\":\"4S Consulting\",\"url\":\"https:\/\/4sconsulting.fr\/fr\/\",\"logo\":{\"@type\":\"ImageObject\",\"inLanguage\":\"en-US\",\"@id\":\"https:\/\/4sconsulting.fr\/fr\/#\/schema\/logo\/image\/\",\"url\":\"https:\/\/4sconsulting.fr\/wp-content\/uploads\/2020\/11\/4s-orange-voile.png\",\"contentUrl\":\"https:\/\/4sconsulting.fr\/wp-content\/uploads\/2020\/11\/4s-orange-voile.png\",\"width\":642,\"height\":869,\"caption\":\"4S Consulting\"},\"image\":{\"@id\":\"https:\/\/4sconsulting.fr\/fr\/#\/schema\/logo\/image\/\"},\"sameAs\":[\"https:\/\/www.linkedin.com\/company\/4s-consulting-www-4sconsulting-fr-\/\"]},{\"@type\":\"Person\",\"@id\":\"https:\/\/4sconsulting.fr\/fr\/#\/schema\/person\/80027979e30f0c050e03cedc0d454d32\",\"name\":\"Julien Galvez\"}]}<\/script>\n<!-- \/ Yoast SEO plugin. -->","yoast_head_json":{"title":"OFFICIEL : 4S Consulting a \u00e9t\u00e9 choisi par COMGEST pour r\u00e9aliser sa conf\u00e9rence annuelle, sur le th\u00e8me de la communication inter-culturelle (100 pers.).","description":"OFFICIEL : 4S Consulting a \u00e9t\u00e9 choisi par COMGEST pour r\u00e9aliser sa conf\u00e9rence annuelle, sur le th\u00e8me de la communication inter-culturelle (100 pers.).","robots":{"index":"index","follow":"follow","max-snippet":"max-snippet:-1","max-image-preview":"max-image-preview:large","max-video-preview":"max-video-preview:-1"},"canonical":"https:\/\/4sconsulting.fr\/en\/officiel-4s-consulting-a-ete-choisi-par-comgest-pour-realiser-sa-conference-annuelle-sur-le-theme-de-la-communication-inter-culturelle-100-pers\/","og_locale":"en_US","og_type":"article","og_title":"OFFICIEL : 4S Consulting a \u00e9t\u00e9 choisi par COMGEST pour r\u00e9aliser sa conf\u00e9rence annuelle, sur le th\u00e8me de la communication inter-culturelle (100 pers.).","og_description":"OFFICIEL : 4S Consulting a \u00e9t\u00e9 choisi par COMGEST pour r\u00e9aliser sa conf\u00e9rence annuelle, sur le th\u00e8me de la communication inter-culturelle (100 pers.).","og_url":"https:\/\/4sconsulting.fr\/en\/officiel-4s-consulting-a-ete-choisi-par-comgest-pour-realiser-sa-conference-annuelle-sur-le-theme-de-la-communication-inter-culturelle-100-pers\/","og_site_name":"4S Consulting","article_published_time":"2025-08-07T09:36:00+00:00","article_modified_time":"2025-08-13T10:42:04+00:00","og_image":[{"url":"https:\/\/4sconsulting.fr\/wp-content\/uploads\/2025\/08\/Post-COMGEST-1024x691.png"}],"author":"Julien Galvez","twitter_card":"summary_large_image","twitter_misc":{"Written by":"Julien Galvez","Est. reading time":"1 minute"},"schema":{"@context":"https:\/\/schema.org","@graph":[{"@type":"Article","@id":"https:\/\/4sconsulting.fr\/officiel-4s-consulting-a-ete-choisi-par-comgest-pour-realiser-sa-conference-annuelle-sur-le-theme-de-la-communication-inter-culturelle-100-pers#article","isPartOf":{"@id":"https:\/\/4sconsulting.fr\/officiel-4s-consulting-a-ete-choisi-par-comgest-pour-realiser-sa-conference-annuelle-sur-le-theme-de-la-communication-inter-culturelle-100-pers"},"author":{"name":"Julien Galvez","@id":"https:\/\/4sconsulting.fr\/fr\/#\/schema\/person\/80027979e30f0c050e03cedc0d454d32"},"headline":"OFFICIEL : 4S Consulting a \u00e9t\u00e9 choisi par COMGEST pour r\u00e9aliser sa conf\u00e9rence annuelle, sur le th\u00e8me de la communication inter-culturelle (100 pers.).","datePublished":"2025-08-07T09:36:00+00:00","dateModified":"2025-08-13T10:42:04+00:00","mainEntityOfPage":{"@id":"https:\/\/4sconsulting.fr\/officiel-4s-consulting-a-ete-choisi-par-comgest-pour-realiser-sa-conference-annuelle-sur-le-theme-de-la-communication-inter-culturelle-100-pers"},"wordCount":167,"publisher":{"@id":"https:\/\/4sconsulting.fr\/fr\/#organization"},"articleSection":["Non class\u00e9"],"inLanguage":"en-US"},{"@type":"WebPage","@id":"https:\/\/4sconsulting.fr\/officiel-4s-consulting-a-ete-choisi-par-comgest-pour-realiser-sa-conference-annuelle-sur-le-theme-de-la-communication-inter-culturelle-100-pers","url":"https:\/\/4sconsulting.fr\/officiel-4s-consulting-a-ete-choisi-par-comgest-pour-realiser-sa-conference-annuelle-sur-le-theme-de-la-communication-inter-culturelle-100-pers","name":"OFFICIEL : 4S Consulting a \u00e9t\u00e9 choisi par COMGEST pour r\u00e9aliser sa conf\u00e9rence annuelle, sur le th\u00e8me de la communication inter-culturelle (100 pers.).","isPartOf":{"@id":"https:\/\/4sconsulting.fr\/fr\/#website"},"datePublished":"2025-08-07T09:36:00+00:00","dateModified":"2025-08-13T10:42:04+00:00","description":"OFFICIEL : 4S Consulting a \u00e9t\u00e9 choisi par COMGEST pour r\u00e9aliser sa conf\u00e9rence annuelle, sur le th\u00e8me de la communication inter-culturelle (100 pers.).","breadcrumb":{"@id":"https:\/\/4sconsulting.fr\/officiel-4s-consulting-a-ete-choisi-par-comgest-pour-realiser-sa-conference-annuelle-sur-le-theme-de-la-communication-inter-culturelle-100-pers#breadcrumb"},"inLanguage":"en-US","potentialAction":[{"@type":"ReadAction","target":["https:\/\/4sconsulting.fr\/officiel-4s-consulting-a-ete-choisi-par-comgest-pour-realiser-sa-conference-annuelle-sur-le-theme-de-la-communication-inter-culturelle-100-pers"]}]},{"@type":"BreadcrumbList","@id":"https:\/\/4sconsulting.fr\/officiel-4s-consulting-a-ete-choisi-par-comgest-pour-realiser-sa-conference-annuelle-sur-le-theme-de-la-communication-inter-culturelle-100-pers#breadcrumb","itemListElement":[{"@type":"ListItem","position":1,"name":"Accueil","item":"https:\/\/4sconsulting.fr\/"},{"@type":"ListItem","position":2,"name":"OFFICIEL : 4S Consulting a \u00e9t\u00e9 choisi par COMGEST pour r\u00e9aliser sa conf\u00e9rence annuelle, sur le th\u00e8me de la communication inter-culturelle (100 pers.)."}]},{"@type":"WebSite","@id":"https:\/\/4sconsulting.fr\/fr\/#website","url":"https:\/\/4sconsulting.fr\/fr\/","name":"4S Consulting","description":"Mindset &amp; Culture Change Coaching","publisher":{"@id":"https:\/\/4sconsulting.fr\/fr\/#organization"},"potentialAction":[{"@type":"SearchAction","target":{"@type":"EntryPoint","urlTemplate":"https:\/\/4sconsulting.fr\/fr\/?s={search_term_string}"},"query-input":"required name=search_term_string"}],"inLanguage":"en-US"},{"@type":"Organization","@id":"https:\/\/4sconsulting.fr\/fr\/#organization","name":"4S Consulting","url":"https:\/\/4sconsulting.fr\/fr\/","logo":{"@type":"ImageObject","inLanguage":"en-US","@id":"https:\/\/4sconsulting.fr\/fr\/#\/schema\/logo\/image\/","url":"https:\/\/4sconsulting.fr\/wp-content\/uploads\/2020\/11\/4s-orange-voile.png","contentUrl":"https:\/\/4sconsulting.fr\/wp-content\/uploads\/2020\/11\/4s-orange-voile.png","width":642,"height":869,"caption":"4S Consulting"},"image":{"@id":"https:\/\/4sconsulting.fr\/fr\/#\/schema\/logo\/image\/"},"sameAs":["https:\/\/www.linkedin.com\/company\/4s-consulting-www-4sconsulting-fr-\/"]},{"@type":"Person","@id":"https:\/\/4sconsulting.fr\/fr\/#\/schema\/person\/80027979e30f0c050e03cedc0d454d32","name":"Julien Galvez"}]}},"_links":{"self":[{"href":"https:\/\/4sconsulting.fr\/en\/wp-json\/wp\/v2\/posts\/10747"}],"collection":[{"href":"https:\/\/4sconsulting.fr\/en\/wp-json\/wp\/v2\/posts"}],"about":[{"href":"https:\/\/4sconsulting.fr\/en\/wp-json\/wp\/v2\/types\/post"}],"author":[{"embeddable":true,"href":"https:\/\/4sconsulting.fr\/en\/wp-json\/wp\/v2\/users\/4"}],"replies":[{"embeddable":true,"href":"https:\/\/4sconsulting.fr\/en\/wp-json\/wp\/v2\/comments?post=10747"}],"version-history":[{"count":3,"href":"https:\/\/4sconsulting.fr\/en\/wp-json\/wp\/v2\/posts\/10747\/revisions"}],"predecessor-version":[{"id":10754,"href":"https:\/\/4sconsulting.fr\/en\/wp-json\/wp\/v2\/posts\/10747\/revisions\/10754"}],"wp:attachment":[{"href":"https:\/\/4sconsulting.fr\/en\/wp-json\/wp\/v2\/media?parent=10747"}],"wp:term":[{"taxonomy":"category","embeddable":true,"href":"https:\/\/4sconsulting.fr\/en\/wp-json\/wp\/v2\/categories?post=10747"},{"taxonomy":"post_tag","embeddable":true,"href":"https:\/\/4sconsulting.fr\/en\/wp-json\/wp\/v2\/tags?post=10747"}],"curies":[{"name":"wp","href":"https:\/\/api.w.org\/{rel}","templated":true}]}}