{"id":10801,"date":"2025-10-29T10:00:00","date_gmt":"2025-10-29T09:00:00","guid":{"rendered":"https:\/\/4sconsulting.fr\/?p=10801"},"modified":"2025-10-29T12:20:42","modified_gmt":"2025-10-29T11:20:42","slug":"clap-de-fin-pour-le-programme-de-formation-coaching-de-prise-de-parole-en-public-a-impact-2025-avec-le-groupe-beaumanoir","status":"publish","type":"post","link":"https:\/\/4sconsulting.fr\/en\/clap-de-fin-pour-le-programme-de-formation-coaching-de-prise-de-parole-en-public-a-impact-2025-avec-le-groupe-beaumanoir","title":{"rendered":"The curtain falls on the 2025 \"Public Speaking... with Impact\" coaching training programme with the Beaumanoir Group."},"content":{"rendered":"<figure class=\"wp-block-image size-large is-style-rounded\"><img loading=\"lazy\" width=\"1024\" height=\"573\" src=\"https:\/\/4sconsulting.fr\/wp-content\/uploads\/2025\/10\/Post-5-1024x573.png\" alt=\"Clap de fin pour le programme de formation coaching de \u201cPrise de Parole en Public... \u00e0 Impact\u201d 2025 avec le Groupe Beaumanoir.\" class=\"wp-image-10802\" srcset=\"https:\/\/4sconsulting.fr\/wp-content\/uploads\/2025\/10\/Post-5-1024x573.png 1024w, https:\/\/4sconsulting.fr\/wp-content\/uploads\/2025\/10\/Post-5-300x168.png 300w, https:\/\/4sconsulting.fr\/wp-content\/uploads\/2025\/10\/Post-5-768x430.png 768w, https:\/\/4sconsulting.fr\/wp-content\/uploads\/2025\/10\/Post-5-1536x860.png 1536w, https:\/\/4sconsulting.fr\/wp-content\/uploads\/2025\/10\/Post-5-2048x1147.png 2048w, https:\/\/4sconsulting.fr\/wp-content\/uploads\/2025\/10\/Post-5-16x9.png 16w, https:\/\/4sconsulting.fr\/wp-content\/uploads\/2025\/10\/Post-5-1200x672.png 1200w, https:\/\/4sconsulting.fr\/wp-content\/uploads\/2025\/10\/Post-5-1980x1109.png 1980w\" sizes=\"(max-width: 1024px) 100vw, 1024px\" \/><\/figure>\n\n\n\n<h2>The curtain falls on the 2025 \"Public Speaking... with Impact\" coaching training programme with the Beaumanoir Group.<\/h2>\n\n\n\n<p>Last week, <a href=\"https:\/\/www.linkedin.com\/company\/4s-consulting-www-4sconsulting-fr-\/\">4S Consulting Team<\/a> and <a href=\"https:\/\/www.linkedin.com\/in\/bernard-canicio-6733435a\/\">Bernard<\/a> had the pleasure of leading the fourth and final group of the year in Paris. A training course where each participant transformed their communication skills into a real lever of influence.<br><br>\ud83d\udca5 Two days of high-intensity action, experimentation, and feedback:<br>\ud83c\udf99\ufe0f Finding your voice, your rhythm, your style.<br>\ud83e\udded Structure to captivate.<br>\u26a1 Manage your energy and stage fright with confidence.<br>\ud83d\udca1 Persuade without forcing, inspire without overdoing it.<br><br>The result: clearer, more natural, more powerful speech.<br><br>\ud83d\udc4f Well done to the participants in this fourth group for your energy, motivation and infectious enthusiasm. It was a real pleasure for the latter!<br>\ud83d\ude4f Thanks to <a href=\"https:\/\/www.linkedin.com\/in\/margot-bluy-48515a17b\/\">Margot<\/a>, <a href=\"https:\/\/www.linkedin.com\/in\/l%C3%A9a-veni-8a808617b\/\">L\u00e9a<\/a>, <a href=\"https:\/\/www.linkedin.com\/in\/typh%C3%A8ne-foucault-005453168\/\">Typh\u00e8ne<\/a>, <a href=\"https:\/\/www.linkedin.com\/in\/lucile-safon-charles-849284105\/\">Lucile<\/a>, <a href=\"https:\/\/www.linkedin.com\/in\/aurore-vinolo-459b701\/\">Aurore<\/a> and <a href=\"https:\/\/www.linkedin.com\/in\/anne-laure-taillefer-50aa4432\/\">Anne-Laure<\/a> (welcome!) and at <a href=\"https:\/\/www.linkedin.com\/company\/groupe-beaumanoir\/\">Groupe Beaumanoir<\/a> for your trust in our partnership, and this wonderful human and learning adventure throughout the year with your teams!<br><br>\ud83d\ude80 In 2026, we will continue the adventure together and hand over the microphone... with pleasure!<br>New promotions, new formats, same ambition:<br>Make every leader an impactful, authentic and inspiring speaker.<br><br><a href=\"https:\/\/www.linkedin.com\/search\/results\/all\/?keywords=%23pitch&amp;origin=HASH_TAG_FROM_FEED\">#Pitch<\/a><a href=\"https:\/\/www.linkedin.com\/search\/results\/all\/?keywords=%23communication&amp;origin=HASH_TAG_FROM_FEED\">#Communication<\/a><a href=\"https:\/\/www.linkedin.com\/search\/results\/all\/?keywords=%23leadership&amp;origin=HASH_TAG_FROM_FEED\">#Leadership<\/a><a href=\"https:\/\/www.linkedin.com\/search\/results\/all\/?keywords=%23publicspeaking&amp;origin=HASH_TAG_FROM_FEED\">#PublicSpeaking<\/a><a href=\"https:\/\/www.linkedin.com\/search\/results\/all\/?keywords=%23impact&amp;origin=HASH_TAG_FROM_FEED\">#Impact<\/a><a href=\"https:\/\/www.linkedin.com\/search\/results\/all\/?keywords=%23coaching&amp;origin=HASH_TAG_FROM_FEED\">#Coaching<\/a><a href=\"https:\/\/www.linkedin.com\/search\/results\/all\/?keywords=%23mindset&amp;origin=HASH_TAG_FROM_FEED\">#Mindset<\/a><a href=\"https:\/\/www.linkedin.com\/search\/results\/all\/?keywords=%23culturechange&amp;origin=HASH_TAG_FROM_FEED\">#CultureChange<\/a><a href=\"https:\/\/www.linkedin.com\/search\/results\/all\/?keywords=%23formation&amp;origin=HASH_TAG_FROM_FEED\">#Formation<\/a><a href=\"https:\/\/www.linkedin.com\/search\/results\/all\/?keywords=%23learning&amp;origin=HASH_TAG_FROM_FEED\">#Learning<\/a><a href=\"https:\/\/www.linkedin.com\/search\/results\/all\/?keywords=%23softskills&amp;origin=HASH_TAG_FROM_FEED\">#SoftSkills<\/a><\/p>\n\n\n\n<h2>... ThankSSSS and see you soon \ud83d\ude09<\/h2>\n\n\n\n<h2>#mindset #culturechange #coaching #formation #training #learning #softskills #nevergiveup<\/h2>\n\n\n\n<div class=\"wp-container-1 wp-block-buttons\">\n<div class=\"wp-block-button\"><a class=\"wp-block-button__link\" href=\"https:\/\/www.linkedin.com\/company\/4s-consulting-www-4sconsulting-fr-\/?viewAsMember=true\" style=\"border-radius:100px\">LEARN MORE<\/a><\/div>\n<\/div>","protected":false},"excerpt":{"rendered":"<p>Clap de fin pour le programme de formation coaching de \u201cPrise de Parole en Public&#8230; \u00e0 Impact\u201d 2025 avec le Groupe Beaumanoir. La semaine derni\u00e8re, 4S Consulting et Bernard ont eu le plaisir d\u2019animer \u00e0 Paris le 4\u1d49 et dernier groupe de l\u2019ann\u00e9e. Une formation o\u00f9 chaque participant a transform\u00e9 sa communication en un vrai [&hellip;]<\/p>","protected":false},"author":4,"featured_media":0,"comment_status":"closed","ping_status":"closed","sticky":false,"template":"","format":"standard","meta":[],"categories":[17],"tags":[],"yoast_head":"<!-- This site is optimized with the Yoast SEO plugin v19.11 - https:\/\/yoast.com\/wordpress\/plugins\/seo\/ -->\n<title>Clap de fin pour le programme de formation coaching de \u201cPrise de Parole en Public... \u00e0 Impact\u201d 2025 avec le Groupe Beaumanoir.<\/title>\n<meta name=\"description\" content=\"Clap de fin pour le programme de formation coaching de \u201cPrise de Parole en Public... \u00e0 Impact\u201d 2025 avec le Groupe Beaumanoir.\" \/>\n<meta name=\"robots\" content=\"index, follow, max-snippet:-1, max-image-preview:large, max-video-preview:-1\" \/>\n<link rel=\"canonical\" href=\"https:\/\/4sconsulting.fr\/en\/clap-de-fin-pour-le-programme-de-formation-coaching-de-prise-de-parole-en-public-a-impact-2025-avec-le-groupe-beaumanoir\/\" \/>\n<meta property=\"og:locale\" content=\"en_US\" \/>\n<meta property=\"og:type\" content=\"article\" \/>\n<meta property=\"og:title\" content=\"Clap de fin pour le programme de formation coaching de \u201cPrise de Parole en Public... \u00e0 Impact\u201d 2025 avec le Groupe Beaumanoir.\" \/>\n<meta property=\"og:description\" content=\"Clap de fin pour le programme de formation coaching de \u201cPrise de Parole en Public... \u00e0 Impact\u201d 2025 avec le Groupe Beaumanoir.\" \/>\n<meta property=\"og:url\" content=\"https:\/\/4sconsulting.fr\/en\/clap-de-fin-pour-le-programme-de-formation-coaching-de-prise-de-parole-en-public-a-impact-2025-avec-le-groupe-beaumanoir\/\" \/>\n<meta property=\"og:site_name\" content=\"4S Consulting\" \/>\n<meta property=\"article:published_time\" content=\"2025-10-29T09:00:00+00:00\" \/>\n<meta property=\"article:modified_time\" content=\"2025-10-29T11:20:42+00:00\" \/>\n<meta property=\"og:image\" content=\"https:\/\/4sconsulting.fr\/wp-content\/uploads\/2025\/10\/Post-5-1024x573.png\" \/>\n<meta name=\"author\" content=\"Julien Galvez\" \/>\n<meta name=\"twitter:card\" content=\"summary_large_image\" \/>\n<meta name=\"twitter:label1\" content=\"Written by\" \/>\n\t<meta name=\"twitter:data1\" content=\"Julien Galvez\" \/>\n\t<meta name=\"twitter:label2\" content=\"Est. reading time\" \/>\n\t<meta name=\"twitter:data2\" content=\"2 minutes\" \/>\n<script type=\"application\/ld+json\" class=\"yoast-schema-graph\">{\"@context\":\"https:\/\/schema.org\",\"@graph\":[{\"@type\":\"Article\",\"@id\":\"https:\/\/4sconsulting.fr\/clap-de-fin-pour-le-programme-de-formation-coaching-de-prise-de-parole-en-public-a-impact-2025-avec-le-groupe-beaumanoir#article\",\"isPartOf\":{\"@id\":\"https:\/\/4sconsulting.fr\/clap-de-fin-pour-le-programme-de-formation-coaching-de-prise-de-parole-en-public-a-impact-2025-avec-le-groupe-beaumanoir\"},\"author\":{\"name\":\"Julien Galvez\",\"@id\":\"https:\/\/4sconsulting.fr\/fr\/#\/schema\/person\/80027979e30f0c050e03cedc0d454d32\"},\"headline\":\"Clap de fin pour le programme de formation coaching de \u201cPrise de Parole en Public&#8230; \u00e0 Impact\u201d 2025 avec le Groupe Beaumanoir.\",\"datePublished\":\"2025-10-29T09:00:00+00:00\",\"dateModified\":\"2025-10-29T11:20:42+00:00\",\"mainEntityOfPage\":{\"@id\":\"https:\/\/4sconsulting.fr\/clap-de-fin-pour-le-programme-de-formation-coaching-de-prise-de-parole-en-public-a-impact-2025-avec-le-groupe-beaumanoir\"},\"wordCount\":243,\"publisher\":{\"@id\":\"https:\/\/4sconsulting.fr\/fr\/#organization\"},\"articleSection\":[\"Non class\u00e9\"],\"inLanguage\":\"en-US\"},{\"@type\":\"WebPage\",\"@id\":\"https:\/\/4sconsulting.fr\/clap-de-fin-pour-le-programme-de-formation-coaching-de-prise-de-parole-en-public-a-impact-2025-avec-le-groupe-beaumanoir\",\"url\":\"https:\/\/4sconsulting.fr\/clap-de-fin-pour-le-programme-de-formation-coaching-de-prise-de-parole-en-public-a-impact-2025-avec-le-groupe-beaumanoir\",\"name\":\"Clap de fin pour le programme de formation coaching de \u201cPrise de Parole en Public... \u00e0 Impact\u201d 2025 avec le Groupe Beaumanoir.\",\"isPartOf\":{\"@id\":\"https:\/\/4sconsulting.fr\/fr\/#website\"},\"datePublished\":\"2025-10-29T09:00:00+00:00\",\"dateModified\":\"2025-10-29T11:20:42+00:00\",\"description\":\"Clap de fin pour le programme de formation coaching de \u201cPrise de Parole en Public... \u00e0 Impact\u201d 2025 avec le Groupe Beaumanoir.\",\"breadcrumb\":{\"@id\":\"https:\/\/4sconsulting.fr\/clap-de-fin-pour-le-programme-de-formation-coaching-de-prise-de-parole-en-public-a-impact-2025-avec-le-groupe-beaumanoir#breadcrumb\"},\"inLanguage\":\"en-US\",\"potentialAction\":[{\"@type\":\"ReadAction\",\"target\":[\"https:\/\/4sconsulting.fr\/clap-de-fin-pour-le-programme-de-formation-coaching-de-prise-de-parole-en-public-a-impact-2025-avec-le-groupe-beaumanoir\"]}]},{\"@type\":\"BreadcrumbList\",\"@id\":\"https:\/\/4sconsulting.fr\/clap-de-fin-pour-le-programme-de-formation-coaching-de-prise-de-parole-en-public-a-impact-2025-avec-le-groupe-beaumanoir#breadcrumb\",\"itemListElement\":[{\"@type\":\"ListItem\",\"position\":1,\"name\":\"Accueil\",\"item\":\"https:\/\/4sconsulting.fr\/\"},{\"@type\":\"ListItem\",\"position\":2,\"name\":\"Clap de fin pour le programme de formation coaching de \u201cPrise de Parole en Public&#8230; \u00e0 Impact\u201d 2025 avec le Groupe Beaumanoir.\"}]},{\"@type\":\"WebSite\",\"@id\":\"https:\/\/4sconsulting.fr\/fr\/#website\",\"url\":\"https:\/\/4sconsulting.fr\/fr\/\",\"name\":\"4S Consulting\",\"description\":\"Mindset &amp; Culture Change Coaching\",\"publisher\":{\"@id\":\"https:\/\/4sconsulting.fr\/fr\/#organization\"},\"potentialAction\":[{\"@type\":\"SearchAction\",\"target\":{\"@type\":\"EntryPoint\",\"urlTemplate\":\"https:\/\/4sconsulting.fr\/fr\/?s={search_term_string}\"},\"query-input\":\"required name=search_term_string\"}],\"inLanguage\":\"en-US\"},{\"@type\":\"Organization\",\"@id\":\"https:\/\/4sconsulting.fr\/fr\/#organization\",\"name\":\"4S Consulting\",\"url\":\"https:\/\/4sconsulting.fr\/fr\/\",\"logo\":{\"@type\":\"ImageObject\",\"inLanguage\":\"en-US\",\"@id\":\"https:\/\/4sconsulting.fr\/fr\/#\/schema\/logo\/image\/\",\"url\":\"https:\/\/4sconsulting.fr\/wp-content\/uploads\/2020\/11\/4s-orange-voile.png\",\"contentUrl\":\"https:\/\/4sconsulting.fr\/wp-content\/uploads\/2020\/11\/4s-orange-voile.png\",\"width\":642,\"height\":869,\"caption\":\"4S Consulting\"},\"image\":{\"@id\":\"https:\/\/4sconsulting.fr\/fr\/#\/schema\/logo\/image\/\"},\"sameAs\":[\"https:\/\/www.linkedin.com\/company\/4s-consulting-www-4sconsulting-fr-\/\"]},{\"@type\":\"Person\",\"@id\":\"https:\/\/4sconsulting.fr\/fr\/#\/schema\/person\/80027979e30f0c050e03cedc0d454d32\",\"name\":\"Julien Galvez\"}]}<\/script>\n<!-- \/ Yoast SEO plugin. -->","yoast_head_json":{"title":"Clap de fin pour le programme de formation coaching de \u201cPrise de Parole en Public... \u00e0 Impact\u201d 2025 avec le Groupe Beaumanoir.","description":"Clap de fin pour le programme de formation coaching de \u201cPrise de Parole en Public... \u00e0 Impact\u201d 2025 avec le Groupe Beaumanoir.","robots":{"index":"index","follow":"follow","max-snippet":"max-snippet:-1","max-image-preview":"max-image-preview:large","max-video-preview":"max-video-preview:-1"},"canonical":"https:\/\/4sconsulting.fr\/en\/clap-de-fin-pour-le-programme-de-formation-coaching-de-prise-de-parole-en-public-a-impact-2025-avec-le-groupe-beaumanoir\/","og_locale":"en_US","og_type":"article","og_title":"Clap de fin pour le programme de formation coaching de \u201cPrise de Parole en Public... \u00e0 Impact\u201d 2025 avec le Groupe Beaumanoir.","og_description":"Clap de fin pour le programme de formation coaching de \u201cPrise de Parole en Public... \u00e0 Impact\u201d 2025 avec le Groupe Beaumanoir.","og_url":"https:\/\/4sconsulting.fr\/en\/clap-de-fin-pour-le-programme-de-formation-coaching-de-prise-de-parole-en-public-a-impact-2025-avec-le-groupe-beaumanoir\/","og_site_name":"4S Consulting","article_published_time":"2025-10-29T09:00:00+00:00","article_modified_time":"2025-10-29T11:20:42+00:00","og_image":[{"url":"https:\/\/4sconsulting.fr\/wp-content\/uploads\/2025\/10\/Post-5-1024x573.png"}],"author":"Julien Galvez","twitter_card":"summary_large_image","twitter_misc":{"Written by":"Julien Galvez","Est. reading time":"2 minutes"},"schema":{"@context":"https:\/\/schema.org","@graph":[{"@type":"Article","@id":"https:\/\/4sconsulting.fr\/clap-de-fin-pour-le-programme-de-formation-coaching-de-prise-de-parole-en-public-a-impact-2025-avec-le-groupe-beaumanoir#article","isPartOf":{"@id":"https:\/\/4sconsulting.fr\/clap-de-fin-pour-le-programme-de-formation-coaching-de-prise-de-parole-en-public-a-impact-2025-avec-le-groupe-beaumanoir"},"author":{"name":"Julien Galvez","@id":"https:\/\/4sconsulting.fr\/fr\/#\/schema\/person\/80027979e30f0c050e03cedc0d454d32"},"headline":"Clap de fin pour le programme de formation coaching de \u201cPrise de Parole en Public&#8230; \u00e0 Impact\u201d 2025 avec le Groupe Beaumanoir.","datePublished":"2025-10-29T09:00:00+00:00","dateModified":"2025-10-29T11:20:42+00:00","mainEntityOfPage":{"@id":"https:\/\/4sconsulting.fr\/clap-de-fin-pour-le-programme-de-formation-coaching-de-prise-de-parole-en-public-a-impact-2025-avec-le-groupe-beaumanoir"},"wordCount":243,"publisher":{"@id":"https:\/\/4sconsulting.fr\/fr\/#organization"},"articleSection":["Non class\u00e9"],"inLanguage":"en-US"},{"@type":"WebPage","@id":"https:\/\/4sconsulting.fr\/clap-de-fin-pour-le-programme-de-formation-coaching-de-prise-de-parole-en-public-a-impact-2025-avec-le-groupe-beaumanoir","url":"https:\/\/4sconsulting.fr\/clap-de-fin-pour-le-programme-de-formation-coaching-de-prise-de-parole-en-public-a-impact-2025-avec-le-groupe-beaumanoir","name":"Clap de fin pour le programme de formation coaching de \u201cPrise de Parole en Public... \u00e0 Impact\u201d 2025 avec le Groupe Beaumanoir.","isPartOf":{"@id":"https:\/\/4sconsulting.fr\/fr\/#website"},"datePublished":"2025-10-29T09:00:00+00:00","dateModified":"2025-10-29T11:20:42+00:00","description":"Clap de fin pour le programme de formation coaching de \u201cPrise de Parole en Public... \u00e0 Impact\u201d 2025 avec le Groupe Beaumanoir.","breadcrumb":{"@id":"https:\/\/4sconsulting.fr\/clap-de-fin-pour-le-programme-de-formation-coaching-de-prise-de-parole-en-public-a-impact-2025-avec-le-groupe-beaumanoir#breadcrumb"},"inLanguage":"en-US","potentialAction":[{"@type":"ReadAction","target":["https:\/\/4sconsulting.fr\/clap-de-fin-pour-le-programme-de-formation-coaching-de-prise-de-parole-en-public-a-impact-2025-avec-le-groupe-beaumanoir"]}]},{"@type":"BreadcrumbList","@id":"https:\/\/4sconsulting.fr\/clap-de-fin-pour-le-programme-de-formation-coaching-de-prise-de-parole-en-public-a-impact-2025-avec-le-groupe-beaumanoir#breadcrumb","itemListElement":[{"@type":"ListItem","position":1,"name":"Accueil","item":"https:\/\/4sconsulting.fr\/"},{"@type":"ListItem","position":2,"name":"Clap de fin pour le programme de formation coaching de \u201cPrise de Parole en Public&#8230; \u00e0 Impact\u201d 2025 avec le Groupe Beaumanoir."}]},{"@type":"WebSite","@id":"https:\/\/4sconsulting.fr\/fr\/#website","url":"https:\/\/4sconsulting.fr\/fr\/","name":"4S Consulting","description":"Mindset &amp; Culture Change Coaching","publisher":{"@id":"https:\/\/4sconsulting.fr\/fr\/#organization"},"potentialAction":[{"@type":"SearchAction","target":{"@type":"EntryPoint","urlTemplate":"https:\/\/4sconsulting.fr\/fr\/?s={search_term_string}"},"query-input":"required name=search_term_string"}],"inLanguage":"en-US"},{"@type":"Organization","@id":"https:\/\/4sconsulting.fr\/fr\/#organization","name":"4S Consulting","url":"https:\/\/4sconsulting.fr\/fr\/","logo":{"@type":"ImageObject","inLanguage":"en-US","@id":"https:\/\/4sconsulting.fr\/fr\/#\/schema\/logo\/image\/","url":"https:\/\/4sconsulting.fr\/wp-content\/uploads\/2020\/11\/4s-orange-voile.png","contentUrl":"https:\/\/4sconsulting.fr\/wp-content\/uploads\/2020\/11\/4s-orange-voile.png","width":642,"height":869,"caption":"4S Consulting"},"image":{"@id":"https:\/\/4sconsulting.fr\/fr\/#\/schema\/logo\/image\/"},"sameAs":["https:\/\/www.linkedin.com\/company\/4s-consulting-www-4sconsulting-fr-\/"]},{"@type":"Person","@id":"https:\/\/4sconsulting.fr\/fr\/#\/schema\/person\/80027979e30f0c050e03cedc0d454d32","name":"Julien Galvez"}]}},"_links":{"self":[{"href":"https:\/\/4sconsulting.fr\/en\/wp-json\/wp\/v2\/posts\/10801"}],"collection":[{"href":"https:\/\/4sconsulting.fr\/en\/wp-json\/wp\/v2\/posts"}],"about":[{"href":"https:\/\/4sconsulting.fr\/en\/wp-json\/wp\/v2\/types\/post"}],"author":[{"embeddable":true,"href":"https:\/\/4sconsulting.fr\/en\/wp-json\/wp\/v2\/users\/4"}],"replies":[{"embeddable":true,"href":"https:\/\/4sconsulting.fr\/en\/wp-json\/wp\/v2\/comments?post=10801"}],"version-history":[{"count":2,"href":"https:\/\/4sconsulting.fr\/en\/wp-json\/wp\/v2\/posts\/10801\/revisions"}],"predecessor-version":[{"id":10808,"href":"https:\/\/4sconsulting.fr\/en\/wp-json\/wp\/v2\/posts\/10801\/revisions\/10808"}],"wp:attachment":[{"href":"https:\/\/4sconsulting.fr\/en\/wp-json\/wp\/v2\/media?parent=10801"}],"wp:term":[{"taxonomy":"category","embeddable":true,"href":"https:\/\/4sconsulting.fr\/en\/wp-json\/wp\/v2\/categories?post=10801"},{"taxonomy":"post_tag","embeddable":true,"href":"https:\/\/4sconsulting.fr\/en\/wp-json\/wp\/v2\/tags?post=10801"}],"curies":[{"name":"wp","href":"https:\/\/api.w.org\/{rel}","templated":true}]}}