{"id":10613,"date":"2025-03-27T10:00:00","date_gmt":"2025-03-27T09:00:00","guid":{"rendered":"https:\/\/4sconsulting.fr\/?p=10613"},"modified":"2025-04-03T17:06:40","modified_gmt":"2025-04-03T16:06:40","slug":"4s-etait-a-limonest-bezons-pour-former-les-referents-tech-du-sav-fnac-darty","status":"publish","type":"post","link":"https:\/\/4sconsulting.fr\/fr\/4s-etait-a-limonest-bezons-pour-former-les-referents-tech-du-sav-fnac-darty","title":{"rendered":"4S \u00e9tait \u00e0 Limonest &#038; Bezons pour former les R\u00e9f\u00e9rents Tech du SAV FNAC DARTY."},"content":{"rendered":"\n<figure class=\"wp-block-image size-large is-style-rounded\"><img loading=\"lazy\" width=\"1024\" height=\"579\" src=\"https:\/\/4sconsulting.fr\/wp-content\/uploads\/2025\/04\/Post-1024x579.png\" alt=\"4S \u00e9tait \u00e0 Limonest &amp; Bezons pour former les R\u00e9f\u00e9rents Tech du SAV FNAC DARTY.\" class=\"wp-image-10614\" srcset=\"https:\/\/4sconsulting.fr\/wp-content\/uploads\/2025\/04\/Post-1024x579.png 1024w, https:\/\/4sconsulting.fr\/wp-content\/uploads\/2025\/04\/Post-300x170.png 300w, https:\/\/4sconsulting.fr\/wp-content\/uploads\/2025\/04\/Post-768x435.png 768w, https:\/\/4sconsulting.fr\/wp-content\/uploads\/2025\/04\/Post-1536x869.png 1536w, https:\/\/4sconsulting.fr\/wp-content\/uploads\/2025\/04\/Post-2048x1159.png 2048w, https:\/\/4sconsulting.fr\/wp-content\/uploads\/2025\/04\/Post-16x9.png 16w, https:\/\/4sconsulting.fr\/wp-content\/uploads\/2025\/04\/Post-1200x679.png 1200w, https:\/\/4sconsulting.fr\/wp-content\/uploads\/2025\/04\/Post-1980x1120.png 1980w\" sizes=\"(max-width: 1024px) 100vw, 1024px\" \/><\/figure>\n\n\n\n<h2>4S \u00e9tait \u00e0 Limonest &amp; Bezons pour former les R\u00e9f\u00e9rents Tech du SAV FNAC DARTY.<\/h2>\n\n\n\n<p>Objectif \ud83d\udc49 D\u00e9velopper leur posture des R\u00e9f\u00e9rents \u00ab\u00a0Tuteurs\u00a0\u00bb <a href=\"https:\/\/www.linkedin.com\/company\/fnac\/\">Fnac<\/a> <a href=\"https:\/\/www.linkedin.com\/company\/darty\/\">Darty<\/a>, leur communication et feedback \u00ab\u00a0interg\u00e9n\u00e9rationnelle\u00a0\u00bb, et renforcer leurs capacit\u00e9s \u00e0 monter en comp\u00e9tences et \u00e0 \u00e9valuer les jeunes Techniciens, en intervention.<br><br>BRAVO \ud83d\udc4f au groupe form\u00e9 par <a href=\"https:\/\/www.linkedin.com\/in\/ACoAAAyCH_cBGCMbiwnS_mfFMfWUBqEjQI8jAgQ\"><\/a><a href=\"https:\/\/www.linkedin.com\/in\/bernard-canicio-6733435a\/\">Bernard<\/a>, et MERCI \ud83d\ude4f \u00e0 <a href=\"https:\/\/www.linkedin.com\/in\/ACoAACRK-0QB1QWF03K28Nt2-UxDQR6K7x17bqA\"><\/a><a href=\"https:\/\/www.linkedin.com\/in\/ali-mahdhi-0b0b0114b\/\">Ali<\/a>, <a href=\"https:\/\/www.linkedin.com\/in\/ACoAABGJehgBPTEQDVsZsyKLJ_7KAQUz2R3I-yE\"><\/a><a href=\"https:\/\/www.linkedin.com\/in\/val%C3%A9rie-seznec-6a064b82\/\">Val\u00e9rie<\/a>, <a href=\"https:\/\/www.linkedin.com\/in\/ACoAABVdxPEB4EjbJVn7cyMks2JdjucJ0zN5cHk\"><\/a><a href=\"https:\/\/www.linkedin.com\/in\/nathalie-latour-095072a0\/\">Nathalie<\/a> et <a href=\"https:\/\/www.linkedin.com\/in\/ACoAABie7WcBg-pH22psmcjhamh1OJIGD5VSmhg\"><\/a><a href=\"https:\/\/www.linkedin.com\/in\/fabrice-attelann-433404b6\/\">Fabrice<\/a> de l&rsquo;acad\u00e9mie <a href=\"https:\/\/www.linkedin.com\/company\/fnac-darty\/\">Fnac Darty<\/a>, pour leur confiance&#8230; nous sommes tr\u00e8s fier d&rsquo;\u00eatre votre partenaire, de former et d&rsquo;accompagner vos \u00e9quipes techniques \ud83e\udef6!<br><br>\ud83d\udc49 RDV la semaine prochaine \u00e0 BEZONS, pour le 8\u00e8me et dernier groupe \ud83d\udc4d<br><br><a href=\"https:\/\/www.linkedin.com\/feed\/hashtag\/?keywords=r%C3%A9f%C3%A9rent&amp;highlightedUpdateUrns=urn%3Ali%3Aactivity%3A7313500546097700865\">#r\u00e9f\u00e9rent<\/a><a href=\"https:\/\/www.linkedin.com\/feed\/hashtag\/?keywords=tutorat&amp;highlightedUpdateUrns=urn%3Ali%3Aactivity%3A7313500546097700865\">#tutorat<\/a><a href=\"https:\/\/www.linkedin.com\/feed\/hashtag\/?keywords=posture&amp;highlightedUpdateUrns=urn%3Ali%3Aactivity%3A7313500546097700865\">#posture<\/a><a href=\"https:\/\/www.linkedin.com\/feed\/hashtag\/?keywords=attitude&amp;highlightedUpdateUrns=urn%3Ali%3Aactivity%3A7313500546097700865\">#attitude<\/a><a href=\"https:\/\/www.linkedin.com\/feed\/hashtag\/?keywords=communication&amp;highlightedUpdateUrns=urn%3Ali%3Aactivity%3A7313500546097700865\">#communication<\/a><a href=\"https:\/\/www.linkedin.com\/feed\/hashtag\/?keywords=interg%C3%A9n%C3%A9rationnel&amp;highlightedUpdateUrns=urn%3Ali%3Aactivity%3A7313500546097700865\">#interg\u00e9n\u00e9rationnel<\/a><a href=\"https:\/\/www.linkedin.com\/feed\/hashtag\/?keywords=managercoach&amp;highlightedUpdateUrns=urn%3Ali%3Aactivity%3A7313500546097700865\">#managercoach<\/a><a href=\"https:\/\/www.linkedin.com\/feed\/hashtag\/?keywords=confiance&amp;highlightedUpdateUrns=urn%3Ali%3Aactivity%3A7313500546097700865\">#confiance<\/a><a href=\"https:\/\/www.linkedin.com\/feed\/hashtag\/?keywords=formation&amp;highlightedUpdateUrns=urn%3Ali%3Aactivity%3A7313500546097700865\">#formation<\/a><a href=\"https:\/\/www.linkedin.com\/feed\/hashtag\/?keywords=coaching&amp;highlightedUpdateUrns=urn%3Ali%3Aactivity%3A7313500546097700865\">#coaching<\/a><a href=\"https:\/\/www.linkedin.com\/feed\/hashtag\/?keywords=training&amp;highlightedUpdateUrns=urn%3Ali%3Aactivity%3A7313500546097700865\">#training<\/a><a href=\"https:\/\/www.linkedin.com\/feed\/hashtag\/?keywords=learning&amp;highlightedUpdateUrns=urn%3Ali%3Aactivity%3A7313500546097700865\">#learning<\/a><a href=\"https:\/\/www.linkedin.com\/feed\/hashtag\/?keywords=mindsetchange&amp;highlightedUpdateUrns=urn%3Ali%3Aactivity%3A7313500546097700865\">#mindsetchange<\/a><a href=\"https:\/\/www.linkedin.com\/feed\/hashtag\/?keywords=softskills&amp;highlightedUpdateUrns=urn%3Ali%3Aactivity%3A7313500546097700865\">#softskills<\/a><a href=\"https:\/\/www.linkedin.com\/feed\/hashtag\/?keywords=nevergiveup&amp;highlightedUpdateUrns=urn%3Ali%3Aactivity%3A7313500546097700865\">#nevergiveup<\/a><a href=\"https:\/\/www.linkedin.com\/feed\/hashtag\/?keywords=partenaires&amp;highlightedUpdateUrns=urn%3Ali%3Aactivity%3A7313500546097700865\">#partenaires<\/a><a href=\"https:\/\/www.linkedin.com\/feed\/hashtag\/?keywords=fierssss&amp;highlightedUpdateUrns=urn%3Ali%3Aactivity%3A7313500546097700865\">#fierSSSS<\/a><\/p>\n\n\n\n<h2>&#8230; merSSSSi et \u00e0 bient\u00f4t \ud83d\ude09<\/h2>\n\n\n\n<h2>#mindset #culturechange #coaching #formation #training #learning #softskills #nevergiveup<\/h2>\n\n\n\n<div class=\"wp-container-1 wp-block-buttons\">\n<div class=\"wp-block-button\"><a class=\"wp-block-button__link\" href=\"https:\/\/www.linkedin.com\/company\/4s-consulting-www-4sconsulting-fr-\/?viewAsMember=true\" style=\"border-radius:100px\">EN SAVOIR PLUS<\/a><\/div>\n<\/div>\n\n\n\n<p><\/p>\n","protected":false},"excerpt":{"rendered":"<p>4S \u00e9tait \u00e0 Limonest &amp; Bezons pour former les R\u00e9f\u00e9rents Tech du SAV FNAC DARTY. Objectif \ud83d\udc49 D\u00e9velopper leur posture des R\u00e9f\u00e9rents \u00ab\u00a0Tuteurs\u00a0\u00bb Fnac Darty, leur communication et feedback \u00ab\u00a0interg\u00e9n\u00e9rationnelle\u00a0\u00bb, et renforcer leurs capacit\u00e9s \u00e0 monter en comp\u00e9tences et \u00e0 \u00e9valuer les jeunes Techniciens, en intervention. BRAVO \ud83d\udc4f au groupe form\u00e9 par Bernard, et MERCI [&hellip;]<\/p>\n","protected":false},"author":4,"featured_media":0,"comment_status":"closed","ping_status":"closed","sticky":false,"template":"","format":"standard","meta":[],"categories":[17],"tags":[],"yoast_head":"<!-- This site is optimized with the Yoast SEO plugin v19.11 - https:\/\/yoast.com\/wordpress\/plugins\/seo\/ -->\n<title>4S \u00e9tait \u00e0 Limonest &amp; Bezons pour former les R\u00e9f\u00e9rents Tech du SAV FNAC DARTY.<\/title>\n<meta name=\"description\" content=\"4S \u00e9tait \u00e0 Limonest &amp; Bezons pour former les R\u00e9f\u00e9rents Tech du SAV FNAC DARTY.\" \/>\n<meta name=\"robots\" content=\"index, follow, max-snippet:-1, max-image-preview:large, max-video-preview:-1\" \/>\n<link rel=\"canonical\" href=\"https:\/\/4sconsulting.fr\/fr\/4s-etait-a-limonest-bezons-pour-former-les-referents-tech-du-sav-fnac-darty\/\" \/>\n<meta property=\"og:locale\" content=\"fr_FR\" \/>\n<meta property=\"og:type\" content=\"article\" \/>\n<meta property=\"og:title\" content=\"4S \u00e9tait \u00e0 Limonest &amp; Bezons pour former les R\u00e9f\u00e9rents Tech du SAV FNAC DARTY.\" \/>\n<meta property=\"og:description\" content=\"4S \u00e9tait \u00e0 Limonest &amp; Bezons pour former les R\u00e9f\u00e9rents Tech du SAV FNAC DARTY.\" \/>\n<meta property=\"og:url\" content=\"https:\/\/4sconsulting.fr\/fr\/4s-etait-a-limonest-bezons-pour-former-les-referents-tech-du-sav-fnac-darty\/\" \/>\n<meta property=\"og:site_name\" content=\"4S Consulting\" \/>\n<meta property=\"article:published_time\" content=\"2025-03-27T09:00:00+00:00\" \/>\n<meta property=\"article:modified_time\" content=\"2025-04-03T16:06:40+00:00\" \/>\n<meta property=\"og:image\" content=\"https:\/\/4sconsulting.fr\/wp-content\/uploads\/2025\/04\/Post-1024x579.png\" \/>\n<meta name=\"author\" content=\"Julien Galvez\" \/>\n<meta name=\"twitter:card\" content=\"summary_large_image\" \/>\n<meta name=\"twitter:label1\" content=\"\u00c9crit par\" \/>\n\t<meta name=\"twitter:data1\" content=\"Julien Galvez\" \/>\n\t<meta name=\"twitter:label2\" content=\"Dur\u00e9e de lecture estim\u00e9e\" \/>\n\t<meta name=\"twitter:data2\" content=\"1 minute\" \/>\n<script type=\"application\/ld+json\" class=\"yoast-schema-graph\">{\"@context\":\"https:\/\/schema.org\",\"@graph\":[{\"@type\":\"Article\",\"@id\":\"https:\/\/4sconsulting.fr\/4s-etait-a-limonest-bezons-pour-former-les-referents-tech-du-sav-fnac-darty#article\",\"isPartOf\":{\"@id\":\"https:\/\/4sconsulting.fr\/4s-etait-a-limonest-bezons-pour-former-les-referents-tech-du-sav-fnac-darty\"},\"author\":{\"name\":\"Julien Galvez\",\"@id\":\"https:\/\/4sconsulting.fr\/fr\/#\/schema\/person\/80027979e30f0c050e03cedc0d454d32\"},\"headline\":\"4S \u00e9tait \u00e0 Limonest &#038; Bezons pour former les R\u00e9f\u00e9rents Tech du SAV FNAC DARTY.\",\"datePublished\":\"2025-03-27T09:00:00+00:00\",\"dateModified\":\"2025-04-03T16:06:40+00:00\",\"mainEntityOfPage\":{\"@id\":\"https:\/\/4sconsulting.fr\/4s-etait-a-limonest-bezons-pour-former-les-referents-tech-du-sav-fnac-darty\"},\"wordCount\":151,\"publisher\":{\"@id\":\"https:\/\/4sconsulting.fr\/fr\/#organization\"},\"inLanguage\":\"fr-FR\"},{\"@type\":\"WebPage\",\"@id\":\"https:\/\/4sconsulting.fr\/4s-etait-a-limonest-bezons-pour-former-les-referents-tech-du-sav-fnac-darty\",\"url\":\"https:\/\/4sconsulting.fr\/4s-etait-a-limonest-bezons-pour-former-les-referents-tech-du-sav-fnac-darty\",\"name\":\"4S \u00e9tait \u00e0 Limonest & Bezons pour former les R\u00e9f\u00e9rents Tech du SAV FNAC DARTY.\",\"isPartOf\":{\"@id\":\"https:\/\/4sconsulting.fr\/fr\/#website\"},\"datePublished\":\"2025-03-27T09:00:00+00:00\",\"dateModified\":\"2025-04-03T16:06:40+00:00\",\"description\":\"4S \u00e9tait \u00e0 Limonest & Bezons pour former les R\u00e9f\u00e9rents Tech du SAV FNAC DARTY.\",\"breadcrumb\":{\"@id\":\"https:\/\/4sconsulting.fr\/4s-etait-a-limonest-bezons-pour-former-les-referents-tech-du-sav-fnac-darty#breadcrumb\"},\"inLanguage\":\"fr-FR\",\"potentialAction\":[{\"@type\":\"ReadAction\",\"target\":[\"https:\/\/4sconsulting.fr\/4s-etait-a-limonest-bezons-pour-former-les-referents-tech-du-sav-fnac-darty\"]}]},{\"@type\":\"BreadcrumbList\",\"@id\":\"https:\/\/4sconsulting.fr\/4s-etait-a-limonest-bezons-pour-former-les-referents-tech-du-sav-fnac-darty#breadcrumb\",\"itemListElement\":[{\"@type\":\"ListItem\",\"position\":1,\"name\":\"Accueil\",\"item\":\"https:\/\/4sconsulting.fr\/\"},{\"@type\":\"ListItem\",\"position\":2,\"name\":\"4S \u00e9tait \u00e0 Limonest &#038; Bezons pour former les R\u00e9f\u00e9rents Tech du SAV FNAC DARTY.\"}]},{\"@type\":\"WebSite\",\"@id\":\"https:\/\/4sconsulting.fr\/fr\/#website\",\"url\":\"https:\/\/4sconsulting.fr\/fr\/\",\"name\":\"4S Consulting\",\"description\":\"Mindset &amp; Culture Change Coaching\",\"publisher\":{\"@id\":\"https:\/\/4sconsulting.fr\/fr\/#organization\"},\"potentialAction\":[{\"@type\":\"SearchAction\",\"target\":{\"@type\":\"EntryPoint\",\"urlTemplate\":\"https:\/\/4sconsulting.fr\/fr\/?s={search_term_string}\"},\"query-input\":\"required name=search_term_string\"}],\"inLanguage\":\"fr-FR\"},{\"@type\":\"Organization\",\"@id\":\"https:\/\/4sconsulting.fr\/fr\/#organization\",\"name\":\"4S Consulting\",\"url\":\"https:\/\/4sconsulting.fr\/fr\/\",\"logo\":{\"@type\":\"ImageObject\",\"inLanguage\":\"fr-FR\",\"@id\":\"https:\/\/4sconsulting.fr\/fr\/#\/schema\/logo\/image\/\",\"url\":\"https:\/\/4sconsulting.fr\/wp-content\/uploads\/2020\/11\/4s-orange-voile.png\",\"contentUrl\":\"https:\/\/4sconsulting.fr\/wp-content\/uploads\/2020\/11\/4s-orange-voile.png\",\"width\":642,\"height\":869,\"caption\":\"4S Consulting\"},\"image\":{\"@id\":\"https:\/\/4sconsulting.fr\/fr\/#\/schema\/logo\/image\/\"},\"sameAs\":[\"https:\/\/www.linkedin.com\/company\/4s-consulting-www-4sconsulting-fr-\/\"]},{\"@type\":\"Person\",\"@id\":\"https:\/\/4sconsulting.fr\/fr\/#\/schema\/person\/80027979e30f0c050e03cedc0d454d32\",\"name\":\"Julien Galvez\"}]}<\/script>\n<!-- \/ Yoast SEO plugin. -->","yoast_head_json":{"title":"4S \u00e9tait \u00e0 Limonest & Bezons pour former les R\u00e9f\u00e9rents Tech du SAV FNAC DARTY.","description":"4S \u00e9tait \u00e0 Limonest & Bezons pour former les R\u00e9f\u00e9rents Tech du SAV FNAC DARTY.","robots":{"index":"index","follow":"follow","max-snippet":"max-snippet:-1","max-image-preview":"max-image-preview:large","max-video-preview":"max-video-preview:-1"},"canonical":"https:\/\/4sconsulting.fr\/fr\/4s-etait-a-limonest-bezons-pour-former-les-referents-tech-du-sav-fnac-darty\/","og_locale":"fr_FR","og_type":"article","og_title":"4S \u00e9tait \u00e0 Limonest & Bezons pour former les R\u00e9f\u00e9rents Tech du SAV FNAC DARTY.","og_description":"4S \u00e9tait \u00e0 Limonest & Bezons pour former les R\u00e9f\u00e9rents Tech du SAV FNAC DARTY.","og_url":"https:\/\/4sconsulting.fr\/fr\/4s-etait-a-limonest-bezons-pour-former-les-referents-tech-du-sav-fnac-darty\/","og_site_name":"4S Consulting","article_published_time":"2025-03-27T09:00:00+00:00","article_modified_time":"2025-04-03T16:06:40+00:00","og_image":[{"url":"https:\/\/4sconsulting.fr\/wp-content\/uploads\/2025\/04\/Post-1024x579.png"}],"author":"Julien Galvez","twitter_card":"summary_large_image","twitter_misc":{"\u00c9crit par":"Julien Galvez","Dur\u00e9e de lecture estim\u00e9e":"1 minute"},"schema":{"@context":"https:\/\/schema.org","@graph":[{"@type":"Article","@id":"https:\/\/4sconsulting.fr\/4s-etait-a-limonest-bezons-pour-former-les-referents-tech-du-sav-fnac-darty#article","isPartOf":{"@id":"https:\/\/4sconsulting.fr\/4s-etait-a-limonest-bezons-pour-former-les-referents-tech-du-sav-fnac-darty"},"author":{"name":"Julien Galvez","@id":"https:\/\/4sconsulting.fr\/fr\/#\/schema\/person\/80027979e30f0c050e03cedc0d454d32"},"headline":"4S \u00e9tait \u00e0 Limonest &#038; Bezons pour former les R\u00e9f\u00e9rents Tech du SAV FNAC DARTY.","datePublished":"2025-03-27T09:00:00+00:00","dateModified":"2025-04-03T16:06:40+00:00","mainEntityOfPage":{"@id":"https:\/\/4sconsulting.fr\/4s-etait-a-limonest-bezons-pour-former-les-referents-tech-du-sav-fnac-darty"},"wordCount":151,"publisher":{"@id":"https:\/\/4sconsulting.fr\/fr\/#organization"},"inLanguage":"fr-FR"},{"@type":"WebPage","@id":"https:\/\/4sconsulting.fr\/4s-etait-a-limonest-bezons-pour-former-les-referents-tech-du-sav-fnac-darty","url":"https:\/\/4sconsulting.fr\/4s-etait-a-limonest-bezons-pour-former-les-referents-tech-du-sav-fnac-darty","name":"4S \u00e9tait \u00e0 Limonest & Bezons pour former les R\u00e9f\u00e9rents Tech du SAV FNAC DARTY.","isPartOf":{"@id":"https:\/\/4sconsulting.fr\/fr\/#website"},"datePublished":"2025-03-27T09:00:00+00:00","dateModified":"2025-04-03T16:06:40+00:00","description":"4S \u00e9tait \u00e0 Limonest & Bezons pour former les R\u00e9f\u00e9rents Tech du SAV FNAC DARTY.","breadcrumb":{"@id":"https:\/\/4sconsulting.fr\/4s-etait-a-limonest-bezons-pour-former-les-referents-tech-du-sav-fnac-darty#breadcrumb"},"inLanguage":"fr-FR","potentialAction":[{"@type":"ReadAction","target":["https:\/\/4sconsulting.fr\/4s-etait-a-limonest-bezons-pour-former-les-referents-tech-du-sav-fnac-darty"]}]},{"@type":"BreadcrumbList","@id":"https:\/\/4sconsulting.fr\/4s-etait-a-limonest-bezons-pour-former-les-referents-tech-du-sav-fnac-darty#breadcrumb","itemListElement":[{"@type":"ListItem","position":1,"name":"Accueil","item":"https:\/\/4sconsulting.fr\/"},{"@type":"ListItem","position":2,"name":"4S \u00e9tait \u00e0 Limonest &#038; Bezons pour former les R\u00e9f\u00e9rents Tech du SAV FNAC DARTY."}]},{"@type":"WebSite","@id":"https:\/\/4sconsulting.fr\/fr\/#website","url":"https:\/\/4sconsulting.fr\/fr\/","name":"4S Consulting","description":"Mindset &amp; Culture Change Coaching","publisher":{"@id":"https:\/\/4sconsulting.fr\/fr\/#organization"},"potentialAction":[{"@type":"SearchAction","target":{"@type":"EntryPoint","urlTemplate":"https:\/\/4sconsulting.fr\/fr\/?s={search_term_string}"},"query-input":"required name=search_term_string"}],"inLanguage":"fr-FR"},{"@type":"Organization","@id":"https:\/\/4sconsulting.fr\/fr\/#organization","name":"4S Consulting","url":"https:\/\/4sconsulting.fr\/fr\/","logo":{"@type":"ImageObject","inLanguage":"fr-FR","@id":"https:\/\/4sconsulting.fr\/fr\/#\/schema\/logo\/image\/","url":"https:\/\/4sconsulting.fr\/wp-content\/uploads\/2020\/11\/4s-orange-voile.png","contentUrl":"https:\/\/4sconsulting.fr\/wp-content\/uploads\/2020\/11\/4s-orange-voile.png","width":642,"height":869,"caption":"4S Consulting"},"image":{"@id":"https:\/\/4sconsulting.fr\/fr\/#\/schema\/logo\/image\/"},"sameAs":["https:\/\/www.linkedin.com\/company\/4s-consulting-www-4sconsulting-fr-\/"]},{"@type":"Person","@id":"https:\/\/4sconsulting.fr\/fr\/#\/schema\/person\/80027979e30f0c050e03cedc0d454d32","name":"Julien Galvez"}]}},"_links":{"self":[{"href":"https:\/\/4sconsulting.fr\/fr\/wp-json\/wp\/v2\/posts\/10613"}],"collection":[{"href":"https:\/\/4sconsulting.fr\/fr\/wp-json\/wp\/v2\/posts"}],"about":[{"href":"https:\/\/4sconsulting.fr\/fr\/wp-json\/wp\/v2\/types\/post"}],"author":[{"embeddable":true,"href":"https:\/\/4sconsulting.fr\/fr\/wp-json\/wp\/v2\/users\/4"}],"replies":[{"embeddable":true,"href":"https:\/\/4sconsulting.fr\/fr\/wp-json\/wp\/v2\/comments?post=10613"}],"version-history":[{"count":1,"href":"https:\/\/4sconsulting.fr\/fr\/wp-json\/wp\/v2\/posts\/10613\/revisions"}],"predecessor-version":[{"id":10617,"href":"https:\/\/4sconsulting.fr\/fr\/wp-json\/wp\/v2\/posts\/10613\/revisions\/10617"}],"wp:attachment":[{"href":"https:\/\/4sconsulting.fr\/fr\/wp-json\/wp\/v2\/media?parent=10613"}],"wp:term":[{"taxonomy":"category","embeddable":true,"href":"https:\/\/4sconsulting.fr\/fr\/wp-json\/wp\/v2\/categories?post=10613"},{"taxonomy":"post_tag","embeddable":true,"href":"https:\/\/4sconsulting.fr\/fr\/wp-json\/wp\/v2\/tags?post=10613"}],"curies":[{"name":"wp","href":"https:\/\/api.w.org\/{rel}","templated":true}]}}