{"id":10630,"date":"2025-04-10T10:39:00","date_gmt":"2025-04-10T09:39:00","guid":{"rendered":"https:\/\/4sconsulting.fr\/?p=10630"},"modified":"2025-04-16T00:57:50","modified_gmt":"2025-04-15T23:57:50","slug":"pour-la-derniere-4s-consulting-etait-a-bezons-pour-former-les-referents-tech-du-sav-fnac-darty-2025","status":"publish","type":"post","link":"https:\/\/4sconsulting.fr\/fr\/pour-la-derniere-4s-consulting-etait-a-bezons-pour-former-les-referents-tech-du-sav-fnac-darty-2025","title":{"rendered":"Pour la derni\u00e8re, 4S Consulting \u00e9tait \u00e0 Bezons, pour former les R\u00e9f\u00e9rents Tech du SAV FNAC DARTY 2025.\ufffc"},"content":{"rendered":"\n<figure class=\"wp-block-image size-large is-style-rounded\"><img loading=\"lazy\" width=\"1024\" height=\"563\" src=\"https:\/\/4sconsulting.fr\/wp-content\/uploads\/2025\/04\/Post-2-1024x563.png\" alt=\"Pour la derni\u00e8re, 4S Consulting \u00e9tait \u00e0 Bezons, pour former les R\u00e9f\u00e9rents Tech du SAV FNAC DARTY 2025.\" class=\"wp-image-10631\" srcset=\"https:\/\/4sconsulting.fr\/wp-content\/uploads\/2025\/04\/Post-2-1024x563.png 1024w, https:\/\/4sconsulting.fr\/wp-content\/uploads\/2025\/04\/Post-2-300x165.png 300w, https:\/\/4sconsulting.fr\/wp-content\/uploads\/2025\/04\/Post-2-768x422.png 768w, https:\/\/4sconsulting.fr\/wp-content\/uploads\/2025\/04\/Post-2-1536x845.png 1536w, https:\/\/4sconsulting.fr\/wp-content\/uploads\/2025\/04\/Post-2-2048x1126.png 2048w, https:\/\/4sconsulting.fr\/wp-content\/uploads\/2025\/04\/Post-2-16x9.png 16w, https:\/\/4sconsulting.fr\/wp-content\/uploads\/2025\/04\/Post-2-1200x660.png 1200w, https:\/\/4sconsulting.fr\/wp-content\/uploads\/2025\/04\/Post-2-1980x1089.png 1980w\" sizes=\"(max-width: 1024px) 100vw, 1024px\" \/><\/figure>\n\n\n\n<h2>Pour la derni\u00e8re, 4S Consulting \u00e9tait \u00e0 Bezons, pour former les R\u00e9f\u00e9rents Tech du SAV FNAC DARTY 2025.<\/h2>\n\n\n\n<p>Last but not least&#8230; avec le dernier groupe de R\u00e9f\u00e9rents Techniques SAV de <a href=\"https:\/\/www.linkedin.com\/company\/fnac-darty\/\">Fnac Darty<\/a> form\u00e9 (\u00ab\u00a0\u00c9TAPE 1\u00a0\u00bb) hier \u00e0 Bezons par <a href=\"https:\/\/www.linkedin.com\/company\/4s-consulting-www-4sconsulting-fr-\/\">4S Consulting<\/a> et <a href=\"https:\/\/www.linkedin.com\/in\/ACoAAAyCH_cBGCMbiwnS_mfFMfWUBqEjQI8jAgQ\"><\/a><a href=\"https:\/\/www.linkedin.com\/in\/bernard-canicio-6733435a\/\">Bernard<\/a> !!!<br><br>Objectif \ud83d\udc49 D\u00e9velopper leur posture des R\u00e9f\u00e9rents \u00ab\u00a0Tuteurs\u00a0\u00bb Fnac Darty, leur communication et feedback \u00ab\u00a0interg\u00e9n\u00e9rationnelle\u00a0\u00bb, et renforcer leurs capacit\u00e9s \u00e0 monter en comp\u00e9tences et \u00e0 \u00e9valuer les jeunes Techniciens, en intervention.<br><br>BRAVO \ud83d\udc4f aux R\u00e9f\u00e9rents de ce dernier groupe, c&rsquo;\u00e9tait une super session de formation ensemble !!! Et aussi, aux 88 R\u00e9f\u00e9rents form\u00e9s partout en FRANCE par <a href=\"https:\/\/www.linkedin.com\/company\/4s-consulting-www-4sconsulting-fr-\/\">4S Consulting<\/a>, pour leur accueil, \u00e9coute et surtout travail en formation \ud83d\udc4f\ud83d\udc4f<br><br>Enfin, encore un GRAND MERCI au Groupe <a href=\"https:\/\/www.linkedin.com\/company\/fnac\/\">Fnac<\/a> <a href=\"https:\/\/www.linkedin.com\/company\/darty\/\">Darty<\/a> pour leur confiance \ud83d\ude4f, en premier lieu \u00e0 <a href=\"https:\/\/www.linkedin.com\/in\/ACoAAAAlDmsBs5XKNTufXC76r7joOHLMsgUgZt0\"><\/a><a href=\"https:\/\/www.linkedin.com\/in\/regiskoenig\/\">R\u00e9gis<\/a>, <a href=\"https:\/\/www.linkedin.com\/in\/ACoAAAHYjrMBvuOUNa97sAHY1pbrRvvSGc7EDHU\"><\/a><a href=\"https:\/\/www.linkedin.com\/in\/predrag-petricevic-217456a\/\">Predrag<\/a>, <a href=\"https:\/\/www.linkedin.com\/in\/ACoAAB7hSGwBmtVJABO9CwpWcKrkVgjqgVkBvwE\"><\/a><a href=\"https:\/\/www.linkedin.com\/in\/constant-meyer-210607125\/\">Constant<\/a>, <a href=\"https:\/\/www.linkedin.com\/in\/ACoAAAWHnVYBhJ-nHA7WBhPlUTKt9v8EYWc3M2A\"><\/a><a href=\"https:\/\/www.linkedin.com\/in\/damien-leboube-5b20a027\/\">Damien<\/a>, <a href=\"https:\/\/www.linkedin.com\/in\/ACoAAAvA22EB6hpw4bHXauOoLlLDA6G9inP0f-Q\"><\/a><a href=\"https:\/\/www.linkedin.com\/in\/marie-b%C3%A9n%C3%A9dicte-montaigne-82905556\/\">Marie-B\u00e9n\u00e9dicte<\/a>, et tout particuli\u00e8rement \u00e0 <a href=\"https:\/\/www.linkedin.com\/in\/ACoAACRK-0QB1QWF03K28Nt2-UxDQR6K7x17bqA\"><\/a><a href=\"https:\/\/www.linkedin.com\/in\/ali-mahdhi-0b0b0114b\/\">Ali<\/a>, aussi pour son aide, investissement et la qualit\u00e9 des ses interventions \ud83d\udc4d, sans oublier <a href=\"https:\/\/www.linkedin.com\/in\/ACoAABGJehgBPTEQDVsZsyKLJ_7KAQUz2R3I-yE\"><\/a><a href=\"https:\/\/www.linkedin.com\/in\/val%C3%A9rie-seznec-6a064b82\/\">Val\u00e9rie<\/a> (aide, \u00e9coute, support et organisation au top \ud83d\udc4c), <a href=\"https:\/\/www.linkedin.com\/in\/ACoAABVdxPEB4EjbJVn7cyMks2JdjucJ0zN5cHk\"><\/a><a href=\"https:\/\/www.linkedin.com\/in\/nathalie-latour-095072a0\/\">Nathalie<\/a> et <a href=\"https:\/\/www.linkedin.com\/in\/ACoAABie7WcBg-pH22psmcjhamh1OJIGD5VSmhg\"><\/a><a href=\"https:\/\/www.linkedin.com\/in\/fabrice-attelann-433404b6\/\">Fabrice<\/a> de l&rsquo;acad\u00e9mie <a href=\"https:\/\/www.linkedin.com\/company\/fnac-darty\/\">Fnac Darty<\/a>&#8230; nous sommes tr\u00e8s fier d&rsquo;\u00eatre partenaire, de travailler avec vous et de former vos \u00e9quipes SAV \ud83e\udef6!!!<br><br>\ud83d\udc49 RDV aux 88 R\u00e9f\u00e9rents pour la suite (\u00ab\u00a0\u00c9TAPE 2\u00a0\u00bb), avec leur COACHING par notre \u00e9quipe <a href=\"https:\/\/www.linkedin.com\/company\/4s-consulting-www-4sconsulting-fr-\/\">4S Consulting<\/a>, en intervention \u00e0 domicile (IAD), chez leurs clients.<br><br><a href=\"https:\/\/www.linkedin.com\/search\/results\/all\/?keywords=%23r%C3%A9f%C3%A9rent&amp;origin=HASH_TAG_FROM_FEED\">#r\u00e9f\u00e9rent<\/a><a href=\"https:\/\/www.linkedin.com\/search\/results\/all\/?keywords=%23technique&amp;origin=HASH_TAG_FROM_FEED\">#technique<\/a><a href=\"https:\/\/www.linkedin.com\/search\/results\/all\/?keywords=%23sav&amp;origin=HASH_TAG_FROM_FEED\">#sav<\/a><a href=\"https:\/\/www.linkedin.com\/search\/results\/all\/?keywords=%23tutorat&amp;origin=HASH_TAG_FROM_FEED\">#tutorat<\/a><a href=\"https:\/\/www.linkedin.com\/search\/results\/all\/?keywords=%23posture&amp;origin=HASH_TAG_FROM_FEED\">#posture<\/a><a href=\"https:\/\/www.linkedin.com\/search\/results\/all\/?keywords=%23attitude&amp;origin=HASH_TAG_FROM_FEED\">#attitude<\/a><a href=\"https:\/\/www.linkedin.com\/search\/results\/all\/?keywords=%23communication&amp;origin=HASH_TAG_FROM_FEED\">#communication<\/a><a href=\"https:\/\/www.linkedin.com\/search\/results\/all\/?keywords=%23interg%C3%A9n%C3%A9rationnel&amp;origin=HASH_TAG_FROM_FEED\">#interg\u00e9n\u00e9rationnel<\/a><a href=\"https:\/\/www.linkedin.com\/search\/results\/all\/?keywords=%23managercoach&amp;origin=HASH_TAG_FROM_FEED\">#managercoach<\/a><a href=\"https:\/\/www.linkedin.com\/search\/results\/all\/?keywords=%23confiance&amp;origin=HASH_TAG_FROM_FEED\">#confiance<\/a><a href=\"https:\/\/www.linkedin.com\/search\/results\/all\/?keywords=%23coaching&amp;origin=HASH_TAG_FROM_FEED\">#coaching<\/a><a href=\"https:\/\/www.linkedin.com\/search\/results\/all\/?keywords=%23training&amp;origin=HASH_TAG_FROM_FEED\">#training<\/a><a href=\"https:\/\/www.linkedin.com\/search\/results\/all\/?keywords=%23mindsetchange&amp;origin=HASH_TAG_FROM_FEED\">#mindsetchange<\/a><a href=\"https:\/\/www.linkedin.com\/search\/results\/all\/?keywords=%23softskills&amp;origin=HASH_TAG_FROM_FEED\">#softskills<\/a><a href=\"https:\/\/www.linkedin.com\/search\/results\/all\/?keywords=%23nevergiveup&amp;origin=HASH_TAG_FROM_FEED\">#nevergiveup<\/a><a href=\"https:\/\/www.linkedin.com\/search\/results\/all\/?keywords=%23partenaires&amp;origin=HASH_TAG_FROM_FEED\">#partenaires<\/a><a href=\"https:\/\/www.linkedin.com\/search\/results\/all\/?keywords=%23fierssss&amp;origin=HASH_TAG_FROM_FEED\">#fierSSSS<\/a>&#8230;<br>\ud83d\udc49 <a href=\"https:\/\/www.linkedin.com\/in\/ACoAACq1mAYB4oUS3uQaDGPoXPEihM17FQXB0XE\"><\/a><a href=\"https:\/\/www.linkedin.com\/in\/arnaud-lorailler-806b7617b\/\">Arnaud<\/a>, <a href=\"https:\/\/www.linkedin.com\/in\/ACoAACSRwhQB_NaZsHu2nO8nQu1Tg5QQKMe0dSw\"><\/a><a href=\"https:\/\/www.linkedin.com\/in\/christophe-delepine-418579151\/\">Christophe<\/a>, <a href=\"https:\/\/www.linkedin.com\/in\/ACoAACAFVrcBEplURPLasYrV3WkXnP7ej7RQQjc\"><\/a><a href=\"https:\/\/www.linkedin.com\/in\/jean-claude-marques-7b3ab712b\/\">Jean-claude<\/a>, <a href=\"https:\/\/www.linkedin.com\/in\/ACoAABmZ8fkBOvGo9OUntAdkrfxm8hfpes0cum8\"><\/a><a href=\"https:\/\/www.linkedin.com\/in\/perrine-marret\/\">Perrine<\/a>, <a href=\"https:\/\/www.linkedin.com\/in\/ACoAABX4qVEBNFHeBLQ01pFbJcIkTbgoDuOxqn8\"><\/a><a href=\"https:\/\/www.linkedin.com\/in\/sandrine-lafon-5a9548a3\/\">Sandrine<\/a> et Veronique&#8230; \ud83d\ude4f<\/p>\n\n\n\n<h2>&#8230; merSSSSi et \u00e0 bient\u00f4t \ud83d\ude09<\/h2>\n\n\n\n<h2>#mindset #culturechange #coaching #formation #training #learning #softskills #nevergiveup<\/h2>\n\n\n\n<div class=\"wp-container-1 wp-block-buttons\">\n<div class=\"wp-block-button\"><a class=\"wp-block-button__link\" href=\"https:\/\/www.linkedin.com\/company\/4s-consulting-www-4sconsulting-fr-\/?viewAsMember=true\" style=\"border-radius:100px\">EN SAVOIR PLUS<\/a><\/div>\n<\/div>\n","protected":false},"excerpt":{"rendered":"<p>Pour la derni\u00e8re, 4S Consulting \u00e9tait \u00e0 Bezons, pour former les R\u00e9f\u00e9rents Tech du SAV FNAC DARTY 2025. Last but not least&#8230; avec le dernier groupe de R\u00e9f\u00e9rents Techniques SAV de Fnac Darty form\u00e9 (\u00ab\u00a0\u00c9TAPE 1\u00a0\u00bb) hier \u00e0 Bezons par 4S Consulting et Bernard !!! Objectif \ud83d\udc49 D\u00e9velopper leur posture des R\u00e9f\u00e9rents \u00ab\u00a0Tuteurs\u00a0\u00bb Fnac Darty, [&hellip;]<\/p>\n","protected":false},"author":4,"featured_media":0,"comment_status":"closed","ping_status":"closed","sticky":false,"template":"","format":"standard","meta":[],"categories":[17],"tags":[],"yoast_head":"<!-- This site is optimized with the Yoast SEO plugin v19.11 - https:\/\/yoast.com\/wordpress\/plugins\/seo\/ -->\n<title>Pour la derni\u00e8re, 4S Consulting \u00e9tait \u00e0 Bezons, pour former les R\u00e9f\u00e9rents Tech du SAV FNAC DARTY 2025.<\/title>\n<meta name=\"description\" content=\"Pour la derni\u00e8re, 4S Consulting \u00e9tait \u00e0 Bezons, pour former les R\u00e9f\u00e9rents Tech du SAV FNAC DARTY 2025.\" \/>\n<meta name=\"robots\" content=\"index, follow, max-snippet:-1, max-image-preview:large, max-video-preview:-1\" \/>\n<link rel=\"canonical\" href=\"https:\/\/4sconsulting.fr\/fr\/pour-la-derniere-4s-consulting-etait-a-bezons-pour-former-les-referents-tech-du-sav-fnac-darty-2025\/\" \/>\n<meta property=\"og:locale\" content=\"fr_FR\" \/>\n<meta property=\"og:type\" content=\"article\" \/>\n<meta property=\"og:title\" content=\"Pour la derni\u00e8re, 4S Consulting \u00e9tait \u00e0 Bezons, pour former les R\u00e9f\u00e9rents Tech du SAV FNAC DARTY 2025.\" \/>\n<meta property=\"og:description\" content=\"Pour la derni\u00e8re, 4S Consulting \u00e9tait \u00e0 Bezons, pour former les R\u00e9f\u00e9rents Tech du SAV FNAC DARTY 2025.\" \/>\n<meta property=\"og:url\" content=\"https:\/\/4sconsulting.fr\/fr\/pour-la-derniere-4s-consulting-etait-a-bezons-pour-former-les-referents-tech-du-sav-fnac-darty-2025\/\" \/>\n<meta property=\"og:site_name\" content=\"4S Consulting\" \/>\n<meta property=\"article:published_time\" content=\"2025-04-10T09:39:00+00:00\" \/>\n<meta property=\"article:modified_time\" content=\"2025-04-15T23:57:50+00:00\" \/>\n<meta property=\"og:image\" content=\"https:\/\/4sconsulting.fr\/wp-content\/uploads\/2025\/04\/Post-2-1024x563.png\" \/>\n<meta name=\"author\" content=\"Julien Galvez\" \/>\n<meta name=\"twitter:card\" content=\"summary_large_image\" \/>\n<meta name=\"twitter:label1\" content=\"\u00c9crit par\" \/>\n\t<meta name=\"twitter:data1\" content=\"Julien Galvez\" \/>\n\t<meta name=\"twitter:label2\" content=\"Dur\u00e9e de lecture estim\u00e9e\" \/>\n\t<meta name=\"twitter:data2\" content=\"2 minutes\" \/>\n<script type=\"application\/ld+json\" class=\"yoast-schema-graph\">{\"@context\":\"https:\/\/schema.org\",\"@graph\":[{\"@type\":\"Article\",\"@id\":\"https:\/\/4sconsulting.fr\/pour-la-derniere-4s-consulting-etait-a-bezons-pour-former-les-referents-tech-du-sav-fnac-darty-2025#article\",\"isPartOf\":{\"@id\":\"https:\/\/4sconsulting.fr\/pour-la-derniere-4s-consulting-etait-a-bezons-pour-former-les-referents-tech-du-sav-fnac-darty-2025\"},\"author\":{\"name\":\"Julien Galvez\",\"@id\":\"https:\/\/4sconsulting.fr\/fr\/#\/schema\/person\/80027979e30f0c050e03cedc0d454d32\"},\"headline\":\"Pour la derni\u00e8re, 4S Consulting \u00e9tait \u00e0 Bezons, pour former les R\u00e9f\u00e9rents Tech du SAV FNAC DARTY 2025.\ufffc\",\"datePublished\":\"2025-04-10T09:39:00+00:00\",\"dateModified\":\"2025-04-15T23:57:50+00:00\",\"mainEntityOfPage\":{\"@id\":\"https:\/\/4sconsulting.fr\/pour-la-derniere-4s-consulting-etait-a-bezons-pour-former-les-referents-tech-du-sav-fnac-darty-2025\"},\"wordCount\":282,\"publisher\":{\"@id\":\"https:\/\/4sconsulting.fr\/fr\/#organization\"},\"inLanguage\":\"fr-FR\"},{\"@type\":\"WebPage\",\"@id\":\"https:\/\/4sconsulting.fr\/pour-la-derniere-4s-consulting-etait-a-bezons-pour-former-les-referents-tech-du-sav-fnac-darty-2025\",\"url\":\"https:\/\/4sconsulting.fr\/pour-la-derniere-4s-consulting-etait-a-bezons-pour-former-les-referents-tech-du-sav-fnac-darty-2025\",\"name\":\"Pour la derni\u00e8re, 4S Consulting \u00e9tait \u00e0 Bezons, pour former les R\u00e9f\u00e9rents Tech du SAV FNAC DARTY 2025.\",\"isPartOf\":{\"@id\":\"https:\/\/4sconsulting.fr\/fr\/#website\"},\"datePublished\":\"2025-04-10T09:39:00+00:00\",\"dateModified\":\"2025-04-15T23:57:50+00:00\",\"description\":\"Pour la derni\u00e8re, 4S Consulting \u00e9tait \u00e0 Bezons, pour former les R\u00e9f\u00e9rents Tech du SAV FNAC DARTY 2025.\",\"breadcrumb\":{\"@id\":\"https:\/\/4sconsulting.fr\/pour-la-derniere-4s-consulting-etait-a-bezons-pour-former-les-referents-tech-du-sav-fnac-darty-2025#breadcrumb\"},\"inLanguage\":\"fr-FR\",\"potentialAction\":[{\"@type\":\"ReadAction\",\"target\":[\"https:\/\/4sconsulting.fr\/pour-la-derniere-4s-consulting-etait-a-bezons-pour-former-les-referents-tech-du-sav-fnac-darty-2025\"]}]},{\"@type\":\"BreadcrumbList\",\"@id\":\"https:\/\/4sconsulting.fr\/pour-la-derniere-4s-consulting-etait-a-bezons-pour-former-les-referents-tech-du-sav-fnac-darty-2025#breadcrumb\",\"itemListElement\":[{\"@type\":\"ListItem\",\"position\":1,\"name\":\"Accueil\",\"item\":\"https:\/\/4sconsulting.fr\/\"},{\"@type\":\"ListItem\",\"position\":2,\"name\":\"Pour la derni\u00e8re, 4S Consulting \u00e9tait \u00e0 Bezons, pour former les R\u00e9f\u00e9rents Tech du SAV FNAC DARTY 2025.\ufffc\"}]},{\"@type\":\"WebSite\",\"@id\":\"https:\/\/4sconsulting.fr\/fr\/#website\",\"url\":\"https:\/\/4sconsulting.fr\/fr\/\",\"name\":\"4S Consulting\",\"description\":\"Mindset &amp; Culture Change Coaching\",\"publisher\":{\"@id\":\"https:\/\/4sconsulting.fr\/fr\/#organization\"},\"potentialAction\":[{\"@type\":\"SearchAction\",\"target\":{\"@type\":\"EntryPoint\",\"urlTemplate\":\"https:\/\/4sconsulting.fr\/fr\/?s={search_term_string}\"},\"query-input\":\"required name=search_term_string\"}],\"inLanguage\":\"fr-FR\"},{\"@type\":\"Organization\",\"@id\":\"https:\/\/4sconsulting.fr\/fr\/#organization\",\"name\":\"4S Consulting\",\"url\":\"https:\/\/4sconsulting.fr\/fr\/\",\"logo\":{\"@type\":\"ImageObject\",\"inLanguage\":\"fr-FR\",\"@id\":\"https:\/\/4sconsulting.fr\/fr\/#\/schema\/logo\/image\/\",\"url\":\"https:\/\/4sconsulting.fr\/wp-content\/uploads\/2020\/11\/4s-orange-voile.png\",\"contentUrl\":\"https:\/\/4sconsulting.fr\/wp-content\/uploads\/2020\/11\/4s-orange-voile.png\",\"width\":642,\"height\":869,\"caption\":\"4S Consulting\"},\"image\":{\"@id\":\"https:\/\/4sconsulting.fr\/fr\/#\/schema\/logo\/image\/\"},\"sameAs\":[\"https:\/\/www.linkedin.com\/company\/4s-consulting-www-4sconsulting-fr-\/\"]},{\"@type\":\"Person\",\"@id\":\"https:\/\/4sconsulting.fr\/fr\/#\/schema\/person\/80027979e30f0c050e03cedc0d454d32\",\"name\":\"Julien Galvez\"}]}<\/script>\n<!-- \/ Yoast SEO plugin. -->","yoast_head_json":{"title":"Pour la derni\u00e8re, 4S Consulting \u00e9tait \u00e0 Bezons, pour former les R\u00e9f\u00e9rents Tech du SAV FNAC DARTY 2025.","description":"Pour la derni\u00e8re, 4S Consulting \u00e9tait \u00e0 Bezons, pour former les R\u00e9f\u00e9rents Tech du SAV FNAC DARTY 2025.","robots":{"index":"index","follow":"follow","max-snippet":"max-snippet:-1","max-image-preview":"max-image-preview:large","max-video-preview":"max-video-preview:-1"},"canonical":"https:\/\/4sconsulting.fr\/fr\/pour-la-derniere-4s-consulting-etait-a-bezons-pour-former-les-referents-tech-du-sav-fnac-darty-2025\/","og_locale":"fr_FR","og_type":"article","og_title":"Pour la derni\u00e8re, 4S Consulting \u00e9tait \u00e0 Bezons, pour former les R\u00e9f\u00e9rents Tech du SAV FNAC DARTY 2025.","og_description":"Pour la derni\u00e8re, 4S Consulting \u00e9tait \u00e0 Bezons, pour former les R\u00e9f\u00e9rents Tech du SAV FNAC DARTY 2025.","og_url":"https:\/\/4sconsulting.fr\/fr\/pour-la-derniere-4s-consulting-etait-a-bezons-pour-former-les-referents-tech-du-sav-fnac-darty-2025\/","og_site_name":"4S Consulting","article_published_time":"2025-04-10T09:39:00+00:00","article_modified_time":"2025-04-15T23:57:50+00:00","og_image":[{"url":"https:\/\/4sconsulting.fr\/wp-content\/uploads\/2025\/04\/Post-2-1024x563.png"}],"author":"Julien Galvez","twitter_card":"summary_large_image","twitter_misc":{"\u00c9crit par":"Julien Galvez","Dur\u00e9e de lecture estim\u00e9e":"2 minutes"},"schema":{"@context":"https:\/\/schema.org","@graph":[{"@type":"Article","@id":"https:\/\/4sconsulting.fr\/pour-la-derniere-4s-consulting-etait-a-bezons-pour-former-les-referents-tech-du-sav-fnac-darty-2025#article","isPartOf":{"@id":"https:\/\/4sconsulting.fr\/pour-la-derniere-4s-consulting-etait-a-bezons-pour-former-les-referents-tech-du-sav-fnac-darty-2025"},"author":{"name":"Julien Galvez","@id":"https:\/\/4sconsulting.fr\/fr\/#\/schema\/person\/80027979e30f0c050e03cedc0d454d32"},"headline":"Pour la derni\u00e8re, 4S Consulting \u00e9tait \u00e0 Bezons, pour former les R\u00e9f\u00e9rents Tech du SAV FNAC DARTY 2025.\ufffc","datePublished":"2025-04-10T09:39:00+00:00","dateModified":"2025-04-15T23:57:50+00:00","mainEntityOfPage":{"@id":"https:\/\/4sconsulting.fr\/pour-la-derniere-4s-consulting-etait-a-bezons-pour-former-les-referents-tech-du-sav-fnac-darty-2025"},"wordCount":282,"publisher":{"@id":"https:\/\/4sconsulting.fr\/fr\/#organization"},"inLanguage":"fr-FR"},{"@type":"WebPage","@id":"https:\/\/4sconsulting.fr\/pour-la-derniere-4s-consulting-etait-a-bezons-pour-former-les-referents-tech-du-sav-fnac-darty-2025","url":"https:\/\/4sconsulting.fr\/pour-la-derniere-4s-consulting-etait-a-bezons-pour-former-les-referents-tech-du-sav-fnac-darty-2025","name":"Pour la derni\u00e8re, 4S Consulting \u00e9tait \u00e0 Bezons, pour former les R\u00e9f\u00e9rents Tech du SAV FNAC DARTY 2025.","isPartOf":{"@id":"https:\/\/4sconsulting.fr\/fr\/#website"},"datePublished":"2025-04-10T09:39:00+00:00","dateModified":"2025-04-15T23:57:50+00:00","description":"Pour la derni\u00e8re, 4S Consulting \u00e9tait \u00e0 Bezons, pour former les R\u00e9f\u00e9rents Tech du SAV FNAC DARTY 2025.","breadcrumb":{"@id":"https:\/\/4sconsulting.fr\/pour-la-derniere-4s-consulting-etait-a-bezons-pour-former-les-referents-tech-du-sav-fnac-darty-2025#breadcrumb"},"inLanguage":"fr-FR","potentialAction":[{"@type":"ReadAction","target":["https:\/\/4sconsulting.fr\/pour-la-derniere-4s-consulting-etait-a-bezons-pour-former-les-referents-tech-du-sav-fnac-darty-2025"]}]},{"@type":"BreadcrumbList","@id":"https:\/\/4sconsulting.fr\/pour-la-derniere-4s-consulting-etait-a-bezons-pour-former-les-referents-tech-du-sav-fnac-darty-2025#breadcrumb","itemListElement":[{"@type":"ListItem","position":1,"name":"Accueil","item":"https:\/\/4sconsulting.fr\/"},{"@type":"ListItem","position":2,"name":"Pour la derni\u00e8re, 4S Consulting \u00e9tait \u00e0 Bezons, pour former les R\u00e9f\u00e9rents Tech du SAV FNAC DARTY 2025.\ufffc"}]},{"@type":"WebSite","@id":"https:\/\/4sconsulting.fr\/fr\/#website","url":"https:\/\/4sconsulting.fr\/fr\/","name":"4S Consulting","description":"Mindset &amp; Culture Change Coaching","publisher":{"@id":"https:\/\/4sconsulting.fr\/fr\/#organization"},"potentialAction":[{"@type":"SearchAction","target":{"@type":"EntryPoint","urlTemplate":"https:\/\/4sconsulting.fr\/fr\/?s={search_term_string}"},"query-input":"required name=search_term_string"}],"inLanguage":"fr-FR"},{"@type":"Organization","@id":"https:\/\/4sconsulting.fr\/fr\/#organization","name":"4S Consulting","url":"https:\/\/4sconsulting.fr\/fr\/","logo":{"@type":"ImageObject","inLanguage":"fr-FR","@id":"https:\/\/4sconsulting.fr\/fr\/#\/schema\/logo\/image\/","url":"https:\/\/4sconsulting.fr\/wp-content\/uploads\/2020\/11\/4s-orange-voile.png","contentUrl":"https:\/\/4sconsulting.fr\/wp-content\/uploads\/2020\/11\/4s-orange-voile.png","width":642,"height":869,"caption":"4S Consulting"},"image":{"@id":"https:\/\/4sconsulting.fr\/fr\/#\/schema\/logo\/image\/"},"sameAs":["https:\/\/www.linkedin.com\/company\/4s-consulting-www-4sconsulting-fr-\/"]},{"@type":"Person","@id":"https:\/\/4sconsulting.fr\/fr\/#\/schema\/person\/80027979e30f0c050e03cedc0d454d32","name":"Julien Galvez"}]}},"_links":{"self":[{"href":"https:\/\/4sconsulting.fr\/fr\/wp-json\/wp\/v2\/posts\/10630"}],"collection":[{"href":"https:\/\/4sconsulting.fr\/fr\/wp-json\/wp\/v2\/posts"}],"about":[{"href":"https:\/\/4sconsulting.fr\/fr\/wp-json\/wp\/v2\/types\/post"}],"author":[{"embeddable":true,"href":"https:\/\/4sconsulting.fr\/fr\/wp-json\/wp\/v2\/users\/4"}],"replies":[{"embeddable":true,"href":"https:\/\/4sconsulting.fr\/fr\/wp-json\/wp\/v2\/comments?post=10630"}],"version-history":[{"count":2,"href":"https:\/\/4sconsulting.fr\/fr\/wp-json\/wp\/v2\/posts\/10630\/revisions"}],"predecessor-version":[{"id":10635,"href":"https:\/\/4sconsulting.fr\/fr\/wp-json\/wp\/v2\/posts\/10630\/revisions\/10635"}],"wp:attachment":[{"href":"https:\/\/4sconsulting.fr\/fr\/wp-json\/wp\/v2\/media?parent=10630"}],"wp:term":[{"taxonomy":"category","embeddable":true,"href":"https:\/\/4sconsulting.fr\/fr\/wp-json\/wp\/v2\/categories?post=10630"},{"taxonomy":"post_tag","embeddable":true,"href":"https:\/\/4sconsulting.fr\/fr\/wp-json\/wp\/v2\/tags?post=10630"}],"curies":[{"name":"wp","href":"https:\/\/api.w.org\/{rel}","templated":true}]}}